{"id":574,"date":"2022-10-12T00:22:07","date_gmt":"2022-10-12T00:22:07","guid":{"rendered":"https:\/\/www.desdegranada.com\/site\/?p=574"},"modified":"2022-10-12T00:22:07","modified_gmt":"2022-10-12T00:22:07","slug":"trabajo-de-habitantes-de-la-aguada-con-plantas-medicinales-quedo-plasmado-en-un-libro","status":"publish","type":"post","link":"https:\/\/www.desdegranada.com\/site\/?p=574","title":{"rendered":"Trabajo de habitantes de La Aguada con plantas medicinales qued\u00f3 plasmado en un libro"},"content":{"rendered":"<p style=\"text-align: justify;\">\u201cEmpezamos a experimentar con las plantas, a recoger informaci\u00f3n que nos brindaban las personas adultas y tambi\u00e9n a intercambiar plantas y conocimientos, entonces de tener tanta informaci\u00f3n de plantas, elaboramos productos y decidimos hacer ese libro\u201d, explic\u00f3 la docente.<\/p>\n<p style=\"text-align: justify;\">Maximiliano Aristiz\u00e1bal, estudiante de la vereda y protagonista del libro junto a sus compa\u00f1eros y comunidad cont\u00f3 que \u201cayudamos a moler los productos, a licuarlos\u201d, mientras que Valentina Zapata, una joven que tambi\u00e9n particip\u00f3 del proceso resalt\u00f3 que \u201caprendimos de plantas, m\u00e9todos diferentes de aliviar las enfermedades b\u00e1sicas sin necesidad de una pastilla, sin ir a la farmacia, sino que con ayuda de las plantas medicinales fuimos combatiendo todas esas enfermedades\u201d.<\/p>\n<p style=\"text-align: justify;\">El texto, que se dio a conocer el 7 de octubre, cuenta con una recopilaci\u00f3n de recetas a partir de plantas medicinales para tratar enfermedades comunes como el dolor de cabeza y la gripe; canciones construidas con los estudiantes, adem\u00e1s de testimonios de personas que, volviendo a las pr\u00e1cticas de nuestros abuelos, lograron mejorar su salud.<\/p>\n<p style=\"text-align: justify;\"><img decoding=\"async\" src=\"http:\/\/images\/\/Libro_La_Aguada.jpg\" alt=\"\" \/><img decoding=\"async\" src=\"images\/Libro_La_Aguada.jpg\" alt=\"\" \/><\/p>\n<p style=\"text-align: justify;\">Ahora este documento quedar\u00e1 para el beneficio no solo de la comunidad de La Aguada sino para todas las personas y poblaciones que quieran recurrir nuevamente a la medicina alternativa para evitar distintas dolencias.<\/p>\n<p style=\"text-align: justify;\">\u201cEntregamos estos libros para que otras personas lo puedan utilizar\u201d, manifest\u00f3 Alison Ocampo, estudiante que hizo parte del proceso de experimentaci\u00f3n con plantas y de la construcci\u00f3n del libro.<\/p>\n<p style=\"text-align: justify;\">\u201cEs un orgullo uno poder decir que de la vereda sali\u00f3 ese libro y que, con la ayuda de Dios, lo va a utilizar mucha gente, lo van a replicar, y con la esperanza tambi\u00e9n de que van a surgir nuevas recetas y nuevas ideas\u201d, destac\u00f3 la presidenta de la junta de acci\u00f3n comunal de la vereda Guillermina Aristiz\u00e1bal.<\/p>\n<p style=\"text-align: justify;\">Adem\u00e1s del trabajo de docente, estudiantes y comunidad, la vinculaci\u00f3n de entidades como el Programa de Educaci\u00f3n Ambiental PREDA, la administraci\u00f3n municipal y las cooperativas Coogranada y Creafam, tambi\u00e9n hicieron posible fortalecer el proceso de construcci\u00f3n del libro y su posterior publicaci\u00f3n.<\/p>\n","protected":false},"excerpt":{"rendered":"<p>\u00a0<\/p>\n<p style=\"text-align: justify;\">\u2018Saberes populares en el uso de plantas medicinales y sus propiedades curativas\u2019 es el libro resultado del trabajo que, por cerca de 6 a\u00f1os, ha venido realizando la docente Enoris Barco Murillo en la vereda La Aguada con estudiantes y comunidad en general.<\/p>\n","protected":false},"author":1,"featured_media":0,"comment_status":"open","ping_status":"open","sticky":false,"template":"","format":"standard","meta":{"footnotes":""},"categories":[19],"tags":[],"class_list":["post-574","post","type-post","status-publish","format-standard","hentry","category-noticias"],"_links":{"self":[{"href":"https:\/\/www.desdegranada.com\/site\/index.php?rest_route=\/wp\/v2\/posts\/574","targetHints":{"allow":["GET"]}}],"collection":[{"href":"https:\/\/www.desdegranada.com\/site\/index.php?rest_route=\/wp\/v2\/posts"}],"about":[{"href":"https:\/\/www.desdegranada.com\/site\/index.php?rest_route=\/wp\/v2\/types\/post"}],"author":[{"embeddable":true,"href":"https:\/\/www.desdegranada.com\/site\/index.php?rest_route=\/wp\/v2\/users\/1"}],"replies":[{"embeddable":true,"href":"https:\/\/www.desdegranada.com\/site\/index.php?rest_route=%2Fwp%2Fv2%2Fcomments&post=574"}],"version-history":[{"count":0,"href":"https:\/\/www.desdegranada.com\/site\/index.php?rest_route=\/wp\/v2\/posts\/574\/revisions"}],"wp:attachment":[{"href":"https:\/\/www.desdegranada.com\/site\/index.php?rest_route=%2Fwp%2Fv2%2Fmedia&parent=574"}],"wp:term":[{"taxonomy":"category","embeddable":true,"href":"https:\/\/www.desdegranada.com\/site\/index.php?rest_route=%2Fwp%2Fv2%2Fcategories&post=574"},{"taxonomy":"post_tag","embeddable":true,"href":"https:\/\/www.desdegranada.com\/site\/index.php?rest_route=%2Fwp%2Fv2%2Ftags&post=574"}],"curies":[{"name":"wp","href":"https:\/\/api.w.org\/{rel}","templated":true}]}}