{"id":578,"date":"2022-10-20T21:29:22","date_gmt":"2022-10-20T21:29:22","guid":{"rendered":"https:\/\/www.desdegranada.com\/site\/?p=578"},"modified":"2022-10-20T21:29:22","modified_gmt":"2022-10-20T21:29:22","slug":"1-100-millones-seran-invertidos-en-el-punto-critico-conocido-como-el-matadero","status":"publish","type":"post","link":"https:\/\/www.desdegranada.com\/site\/?p=578","title":{"rendered":"1.100 millones ser\u00e1n invertidos en el punto cr\u00edtico conocido como \u00b4El Matadero\u00b4"},"content":{"rendered":"<p style=\"text-align: justify;\">Posteriormente se logr\u00f3 un lleno y apertura provisional el 10 de agosto, pero a la espera de que la Gobernaci\u00f3n firmara un nuevo convenio para la construcci\u00f3n del muro a la margen derecha de la quebrada (sentido Autopista-Granada), para as\u00ed, quedar solucionado el problema de manera definitiva.<\/p>\n<p style=\"text-align: justify;\"><img loading=\"lazy\" decoding=\"async\" src=\"images\/Punto_crtico_El_Matadero_20_de_octubre.jpg\" alt=\"\" width=\"750\" height=\"439\" \/><\/p>\n<p style=\"text-align: justify;\">Con la visita del Gobernador de Antioquia y Secretario de Infraestructura este 20 de octubre, se afirm\u00f3 que en 15 d\u00edas se deber\u00e1 iniciar la intervenci\u00f3n, con lo que se dar\u00eda por superada esta emergencia en dicho punto, la cual tendr\u00e1 una inversi\u00f3n de 1.100 millones de pesos.<\/p>\n<p style=\"text-align: justify;\">La terminaci\u00f3n de la obra incluye la construcci\u00f3n de un muro por valor de 800 millones de pesos y 300 millones adicionales en el componente de pavimentaci\u00f3n.<\/p>\n<p style=\"text-align: justify;\">\u00a0<\/p>\n<p style=\"text-align: justify;\"><iframe loading=\"lazy\" src=\"\/\/www.youtube.com\/embed\/XILIMdwBEJg\" width=\"560\" height=\"314\" allowfullscreen=\"allowfullscreen\"><\/iframe><\/p>\n","protected":false},"excerpt":{"rendered":"<p>El 25 de junio quedamos incomunicados debido a la creciente de la quebrada La Cristalina y perdida de la banca en el kil\u00f3metro 11+ 700, fueron dos meses sin v\u00eda, lo que gener\u00f3 m\u00faltiples dificultades para la movilidad de los granadinos.<\/p>\n","protected":false},"author":1,"featured_media":0,"comment_status":"open","ping_status":"open","sticky":false,"template":"","format":"standard","meta":{"footnotes":""},"categories":[19],"tags":[],"class_list":["post-578","post","type-post","status-publish","format-standard","hentry","category-noticias"],"_links":{"self":[{"href":"https:\/\/www.desdegranada.com\/site\/index.php?rest_route=\/wp\/v2\/posts\/578","targetHints":{"allow":["GET"]}}],"collection":[{"href":"https:\/\/www.desdegranada.com\/site\/index.php?rest_route=\/wp\/v2\/posts"}],"about":[{"href":"https:\/\/www.desdegranada.com\/site\/index.php?rest_route=\/wp\/v2\/types\/post"}],"author":[{"embeddable":true,"href":"https:\/\/www.desdegranada.com\/site\/index.php?rest_route=\/wp\/v2\/users\/1"}],"replies":[{"embeddable":true,"href":"https:\/\/www.desdegranada.com\/site\/index.php?rest_route=%2Fwp%2Fv2%2Fcomments&post=578"}],"version-history":[{"count":0,"href":"https:\/\/www.desdegranada.com\/site\/index.php?rest_route=\/wp\/v2\/posts\/578\/revisions"}],"wp:attachment":[{"href":"https:\/\/www.desdegranada.com\/site\/index.php?rest_route=%2Fwp%2Fv2%2Fmedia&parent=578"}],"wp:term":[{"taxonomy":"category","embeddable":true,"href":"https:\/\/www.desdegranada.com\/site\/index.php?rest_route=%2Fwp%2Fv2%2Fcategories&post=578"},{"taxonomy":"post_tag","embeddable":true,"href":"https:\/\/www.desdegranada.com\/site\/index.php?rest_route=%2Fwp%2Fv2%2Ftags&post=578"}],"curies":[{"name":"wp","href":"https:\/\/api.w.org\/{rel}","templated":true}]}}