{"id":579,"date":"2022-10-27T14:32:06","date_gmt":"2022-10-27T14:32:06","guid":{"rendered":"https:\/\/www.desdegranada.com\/site\/?p=579"},"modified":"2022-10-27T14:32:06","modified_gmt":"2022-10-27T14:32:06","slug":"monumento-a-la-virgen-de-lourdes-en-la-vereda-la-maria-cumplio-cien-anos","status":"publish","type":"post","link":"https:\/\/www.desdegranada.com\/site\/?p=579","title":{"rendered":"Monumento a la Virgen de Lourdes en la vereda la Mar\u00eda cumpli\u00f3 cien a\u00f1os."},"content":{"rendered":"<p style=\"text-align: justify;\">El padre Policarpo Mar\u00eda G\u00f3mez, Polito, llegado a Granada en el a\u00f1o 1912, fue quien, por su devoci\u00f3n a esta advocaci\u00f3n de la Virgen Mar\u00eda, motiv\u00f3 la construcci\u00f3n de este monumento. Como este construy\u00f3 otros tantos en varios puntos del municipio.<\/p>\n<p style=\"text-align: justify;\">Para los habitantes de la vereda La Mar\u00eda el Progreso y la comunidad granadina en general, esta figura Mariana ha cobrado una gran importancia a lo largo de la historia dada la esencia religiosa de nuestro municipio y la devoci\u00f3n a la Virgen Mar\u00eda, por eso el mi\u00e9rcoles 26 de octubre con el acompa\u00f1amiento de varios fieles de la localidad se celebr\u00f3 una eucarist\u00eda en este punto para conmemorar los cien a\u00f1os de dicha imagen.<\/p>\n","protected":false},"excerpt":{"rendered":"<p style=\"text-align: justify;\">Construido en 1922 sobre el camino hacia la vereda La Mar\u00eda, que comunicaba a Granada con El Santuario, el monumento a la Virgen de Lourdes, que conocemos como La Mar\u00eda cumpli\u00f3 esta semana cien a\u00f1os.<\/p>\n","protected":false},"author":1,"featured_media":0,"comment_status":"open","ping_status":"open","sticky":false,"template":"","format":"standard","meta":{"footnotes":""},"categories":[19],"tags":[],"class_list":["post-579","post","type-post","status-publish","format-standard","hentry","category-noticias"],"_links":{"self":[{"href":"https:\/\/www.desdegranada.com\/site\/index.php?rest_route=\/wp\/v2\/posts\/579","targetHints":{"allow":["GET"]}}],"collection":[{"href":"https:\/\/www.desdegranada.com\/site\/index.php?rest_route=\/wp\/v2\/posts"}],"about":[{"href":"https:\/\/www.desdegranada.com\/site\/index.php?rest_route=\/wp\/v2\/types\/post"}],"author":[{"embeddable":true,"href":"https:\/\/www.desdegranada.com\/site\/index.php?rest_route=\/wp\/v2\/users\/1"}],"replies":[{"embeddable":true,"href":"https:\/\/www.desdegranada.com\/site\/index.php?rest_route=%2Fwp%2Fv2%2Fcomments&post=579"}],"version-history":[{"count":0,"href":"https:\/\/www.desdegranada.com\/site\/index.php?rest_route=\/wp\/v2\/posts\/579\/revisions"}],"wp:attachment":[{"href":"https:\/\/www.desdegranada.com\/site\/index.php?rest_route=%2Fwp%2Fv2%2Fmedia&parent=579"}],"wp:term":[{"taxonomy":"category","embeddable":true,"href":"https:\/\/www.desdegranada.com\/site\/index.php?rest_route=%2Fwp%2Fv2%2Fcategories&post=579"},{"taxonomy":"post_tag","embeddable":true,"href":"https:\/\/www.desdegranada.com\/site\/index.php?rest_route=%2Fwp%2Fv2%2Ftags&post=579"}],"curies":[{"name":"wp","href":"https:\/\/api.w.org\/{rel}","templated":true}]}}