{"id":580,"date":"2022-10-27T14:41:34","date_gmt":"2022-10-27T14:41:34","guid":{"rendered":"https:\/\/www.desdegranada.com\/site\/?p=580"},"modified":"2022-10-27T14:41:34","modified_gmt":"2022-10-27T14:41:34","slug":"sofia-hoyos-la-atleta-que-suena-con-representar-a-granada-en-los-nacionales","status":"publish","type":"post","link":"https:\/\/www.desdegranada.com\/site\/?p=580","title":{"rendered":"Sofia Hoyos, la atleta que sue\u00f1a con representar a Granada en los nacionales"},"content":{"rendered":"<p style=\"text-align: justify;\">Su talento, que ha ido forjando con disciplina, sacrificando horas de sue\u00f1o y salidas con amigos que ha cambiado por largas jornadas de entrenamiento, ya han dado frutos que guarda en su memoria, \u201cfue como la quinta carrera, eran unos 600 metros, empezamos y yo iba de las ultimitas y me le empec\u00e9 a pasar a todas y quede de primera con mucha ventaja y la felicidad de mi pap\u00e1, de mis familiares fue muy linda, esa carrera no la olvido\u201d.<\/p>\n<p style=\"text-align: justify;\"><img loading=\"lazy\" decoding=\"async\" src=\"images\/Sofa_Hoyos_1.jpg\" alt=\"\" width=\"750\" height=\"439\" \/><\/p>\n<p style=\"text-align: justify;\">En sus entrenamientos, los m\u00e1s peque\u00f1os que est\u00e1n iniciando en este deporte, la ven como referente y dan su m\u00e1ximo para seguirle el ritmo, y es que el cari\u00f1o es mutuo, \u201cson muy lindos, una ni\u00f1a de siete a\u00f1os me dice que yo quiero ser como usted y es algo tan bonito\u201d. Sofia, corresponde a ese amor que ellos le manifiestan estando pendiente de su hidrataci\u00f3n y disminuyendo la intensidad de su trote para que los ni\u00f1os no se queden atr\u00e1s. \u00a0<\/p>\n<p style=\"text-align: justify;\">Hablando del lugar que la vio nacer menciona \u201ca m\u00ed Granada me gusta mucho por lo calmado que es, la gente lo conoce a uno mucho, son muy amables\u201d.<\/p>\n<p style=\"text-align: justify;\"><img loading=\"lazy\" decoding=\"async\" src=\"images\/Sofa_Hoyos_2.jpg\" alt=\"\" width=\"750\" height=\"439\" \/><\/p>\n<p style=\"text-align: justify;\">Dedicarse a sus estudios, su familia y al deporte requiere de disciplina, quiz\u00e1s por eso su mayor felicidad es \u201ccuando estoy viendo mi proceso, que los entramientos si me est\u00e1n sirviendo para lograr lo que quiero y cuando estoy en una competencia y llego de primeras o de segundas, veo que si estoy progresando y que mi entrenamiento me est\u00e1 sirviendo para lograr lo que quiero\u201d.<\/p>\n<p style=\"text-align: justify;\">Seguir representando a Granada y al club Creafam, son las proyecciones de Sofia y el sue\u00f1o para el que cada d\u00eda trabaja sin pausa \u201clo que yo me sue\u00f1o es yendo a los nacionales a ganarlos\u201d, hace una pausa y finaliza \u201cojal\u00e1 si sea as\u00ed\u201d. \u00a0<\/p>\n<p style=\"text-align: justify;\"><iframe loading=\"lazy\" src=\"\/\/www.youtube.com\/embed\/TZ_TBrGKnjo\" width=\"560\" height=\"314\" allowfullscreen=\"allowfullscreen\"><\/iframe><\/p>\n<p>\u00a0<\/p>\n<p>\u00a0<\/p>\n<p>\u00a0<\/p>\n<p>\u00a0<\/p>\n<p>\u00a0<\/p>\n","protected":false},"excerpt":{"rendered":"<p style=\"text-align: justify;\">A paso de gacela y vestida de humildad se ve a Ana Sofia Hoyos Trejos realizar sus entrenamientos desde hace 6 a\u00f1os. Tras participar en los procesos de patinaje, nataci\u00f3n y micro f\u00fatbol, menciona que en el atletismo se siente libre como el viento, \u201cdesde que lo empec\u00e9 a practicar y estando en las competencias, empec\u00e9 a ver que era mi felicidad\u201d. Enamorada de su deporte, relata que el atletismo es algo muy lindo y contin\u00faa diciendo que \u201cno es solamente correr si no querer lo que uno est\u00e1 haciendo\u201d.<\/p>\n","protected":false},"author":1,"featured_media":0,"comment_status":"open","ping_status":"open","sticky":false,"template":"","format":"standard","meta":{"footnotes":""},"categories":[20],"tags":[],"class_list":["post-580","post","type-post","status-publish","format-standard","hentry","category-columnistas"],"_links":{"self":[{"href":"https:\/\/www.desdegranada.com\/site\/index.php?rest_route=\/wp\/v2\/posts\/580","targetHints":{"allow":["GET"]}}],"collection":[{"href":"https:\/\/www.desdegranada.com\/site\/index.php?rest_route=\/wp\/v2\/posts"}],"about":[{"href":"https:\/\/www.desdegranada.com\/site\/index.php?rest_route=\/wp\/v2\/types\/post"}],"author":[{"embeddable":true,"href":"https:\/\/www.desdegranada.com\/site\/index.php?rest_route=\/wp\/v2\/users\/1"}],"replies":[{"embeddable":true,"href":"https:\/\/www.desdegranada.com\/site\/index.php?rest_route=%2Fwp%2Fv2%2Fcomments&post=580"}],"version-history":[{"count":0,"href":"https:\/\/www.desdegranada.com\/site\/index.php?rest_route=\/wp\/v2\/posts\/580\/revisions"}],"wp:attachment":[{"href":"https:\/\/www.desdegranada.com\/site\/index.php?rest_route=%2Fwp%2Fv2%2Fmedia&parent=580"}],"wp:term":[{"taxonomy":"category","embeddable":true,"href":"https:\/\/www.desdegranada.com\/site\/index.php?rest_route=%2Fwp%2Fv2%2Fcategories&post=580"},{"taxonomy":"post_tag","embeddable":true,"href":"https:\/\/www.desdegranada.com\/site\/index.php?rest_route=%2Fwp%2Fv2%2Ftags&post=580"}],"curies":[{"name":"wp","href":"https:\/\/api.w.org\/{rel}","templated":true}]}}