{"id":581,"date":"2022-10-27T21:00:52","date_gmt":"2022-10-27T21:00:52","guid":{"rendered":"https:\/\/www.desdegranada.com\/site\/?p=581"},"modified":"2022-10-27T21:00:52","modified_gmt":"2022-10-27T21:00:52","slug":"listos-los-recursos-para-intervenir-casa-de-la-cultura-y-salon-del-nunca-mas-seran-1-510-millones-de-pesos","status":"publish","type":"post","link":"https:\/\/www.desdegranada.com\/site\/?p=581","title":{"rendered":"Listos los recursos para intervenir casa de la cultura y Sal\u00f3n del Nunca M\u00e1s. Ser\u00e1n 1.510 millones de pesos"},"content":{"rendered":"<p style=\"text-align: justify;\">Luis Fernando Su\u00e1rez, Gobernador encargado para el a\u00f1o 2020, fue quien hizo el anuncio, y manifest\u00f3 \u201cesperamos que esa obra sea impecablemente gerenciada, que cada peso se invierta de manera clara, transparente, para que esos recursos que se inviertan generen el mayor bienestar posible a la comunidad de este municipio que ha sufrido tanto la violencia\u201d.<\/p>\n<p style=\"text-align: justify;\">Para los l\u00edderes del proceso de memoria y las v\u00edctimas del municipio, la noticia es un \u00a1por fin!, pues tras de la firma del acta de compromiso en septiembre del 2020, tuvieron que pasar dos a\u00f1os para que esta promesa se viera cumplida con la destinaci\u00f3n de los recursos y la entrega del cheque simb\u00f3lico.<\/p>\n<p style=\"text-align: justify;\"><img loading=\"lazy\" decoding=\"async\" src=\"images\/Saln_del_nunca_ms_2022.jpg\" alt=\"\" width=\"750\" height=\"439\" \/><\/p>\n<p style=\"text-align: justify;\">Gloria Quintero describi\u00f3 este tiempo de espera como \u201cdos a\u00f1os eternos, en un limbo porque no se ten\u00eda informaci\u00f3n clara de qu\u00e9 iba a pasar, porque no hab\u00eda noticias de nada, pero hoy me da alegr\u00eda en mi coraz\u00f3n porque es un proceso de la comunidad granadina\u201d.<\/p>\n<p style=\"text-align: justify;\">Aunque en esta primera fase de la intervenci\u00f3n solo se mejorar\u00e1 una parte del edificio, se espera que se logre detener el deterioro de la infraestructura, que ha alcanzado tambi\u00e9n los procesos de memoria y culturales que all\u00ed tienen cabida.<\/p>\n<p style=\"text-align: justify;\">Sobre los trabajos a desarrollar, Ra\u00fal Esteban Giraldo, coordinador de la Casa de la Cultura explic\u00f3 que \u201cse va a quitar el techo y se van a poner unas cerchas met\u00e1licas, tambi\u00e9n se va a organizar todo lo que es mamposter\u00eda y filtros dentro del patio\u201d.<\/p>\n<p style=\"text-align: justify;\">Con la intervenci\u00f3n de la casa de la cultura y el Sal\u00f3n del Nunca M\u00e1s, tanto los procesos de memoria como culturales tendr\u00e1n un nuevo impulso y permitir\u00e1n la formaci\u00f3n de los granadinos en el arte y el trabajo de las v\u00edctimas para avanzar hacia la paz y la no repetici\u00f3n.<\/p>\n<p style=\"text-align: justify;\">\u201cAgradezco de antemano que hayamos cumplido este compromiso no solamente con la cultura y con estas expresiones art\u00edsticas aqu\u00ed en nuestro municipio sino tambi\u00e9n con todas las v\u00edctimas. Ellos estaban muy expectantes del anuncio de cu\u00e1ndo era que \u00edbamos a empezar a intervenir la casa de la cultura y esto ha sido un trabajo muy arduo del equipo del municipio como de la Gobernaci\u00f3n de Antioquia\u201d, fueron las palabras que dirigi\u00f3 el mandatario local Freddy Casta\u00f1o para la delegaci\u00f3n del Gobierno Departamental y los dem\u00e1s asistentes al evento.<\/p>\n<p style=\"text-align: justify;\"><iframe loading=\"lazy\" src=\"\/\/www.youtube.com\/embed\/YygnZGWOB8o\" width=\"560\" height=\"314\" allowfullscreen=\"allowfullscreen\"><\/iframe><\/p>\n","protected":false},"excerpt":{"rendered":"<p style=\"text-align: justify;\">En las que la Gobernaci\u00f3n de Antioquia denomina \u201cJornadas la alegr\u00eda de servir\u201d, que se desarrollan en los municipios del departamento, y que lleg\u00f3 a Granada el jueves 20 de octubre con la presencia del gobernador y de varios miembros de su equipo de gobierno, entre las noticias positivas estuvo el anuncio de 1.510 millones de pesos para la intervenci\u00f3n de la casa de la cultura y el Sal\u00f3n del Nunca M\u00e1s.<\/p>\n","protected":false},"author":1,"featured_media":0,"comment_status":"open","ping_status":"open","sticky":false,"template":"","format":"standard","meta":{"footnotes":""},"categories":[19],"tags":[],"class_list":["post-581","post","type-post","status-publish","format-standard","hentry","category-noticias"],"_links":{"self":[{"href":"https:\/\/www.desdegranada.com\/site\/index.php?rest_route=\/wp\/v2\/posts\/581","targetHints":{"allow":["GET"]}}],"collection":[{"href":"https:\/\/www.desdegranada.com\/site\/index.php?rest_route=\/wp\/v2\/posts"}],"about":[{"href":"https:\/\/www.desdegranada.com\/site\/index.php?rest_route=\/wp\/v2\/types\/post"}],"author":[{"embeddable":true,"href":"https:\/\/www.desdegranada.com\/site\/index.php?rest_route=\/wp\/v2\/users\/1"}],"replies":[{"embeddable":true,"href":"https:\/\/www.desdegranada.com\/site\/index.php?rest_route=%2Fwp%2Fv2%2Fcomments&post=581"}],"version-history":[{"count":0,"href":"https:\/\/www.desdegranada.com\/site\/index.php?rest_route=\/wp\/v2\/posts\/581\/revisions"}],"wp:attachment":[{"href":"https:\/\/www.desdegranada.com\/site\/index.php?rest_route=%2Fwp%2Fv2%2Fmedia&parent=581"}],"wp:term":[{"taxonomy":"category","embeddable":true,"href":"https:\/\/www.desdegranada.com\/site\/index.php?rest_route=%2Fwp%2Fv2%2Fcategories&post=581"},{"taxonomy":"post_tag","embeddable":true,"href":"https:\/\/www.desdegranada.com\/site\/index.php?rest_route=%2Fwp%2Fv2%2Ftags&post=581"}],"curies":[{"name":"wp","href":"https:\/\/api.w.org\/{rel}","templated":true}]}}