{"id":588,"date":"2022-11-15T23:22:25","date_gmt":"2022-11-15T23:22:25","guid":{"rendered":"https:\/\/www.desdegranada.com\/site\/?p=588"},"modified":"2022-11-15T23:22:25","modified_gmt":"2022-11-15T23:22:25","slug":"con-planton-en-la-autopista-medellin-bogota-granadinos-exigieron-intervencion-de-la-via","status":"publish","type":"post","link":"https:\/\/www.desdegranada.com\/site\/?p=588","title":{"rendered":"Con plant\u00f3n en la autopista Medell\u00edn &#8211; Bogot\u00e1, granadinos exigieron intervenci\u00f3n de la v\u00eda"},"content":{"rendered":"<p><img loading=\"lazy\" decoding=\"async\" src=\"images\/Manifestacin_La_Mayora.jpg\" alt=\"\" width=\"750\" height=\"439\" \/><\/p>\n<p>La v\u00eda, que hist\u00f3ricamente ha presentado varios puntos cr\u00edticos que se agravan con la temporada invernal, requiere de trabajos que solventen de manera inmediata y definitiva las problem\u00e1ticas que a diario tienen que enfrentar quienes se movilizan por ella y esa es la exigencia que, de nuevo, hacen los pobladores de las dos localidades a la Secretar\u00eda de Infraestructura de Antioquia.<\/p>\n<p>A la espera de una respuesta desde la Secretar\u00eda de Infraestructura, los mmanifestantes han hecho saber que llevar\u00e1n a cabo nuevas acciones de protesta si no se evidencian acciones contundentes sobre la v\u00eda.<\/p>\n","protected":false},"excerpt":{"rendered":"<p>Tras los muchos anuncios de parte de la Gobernaci\u00f3n de Antioquia para una intervenci\u00f3n definitiva en dos de los puntos m\u00e1s afectados en la v\u00eda Autopista &#8211; Granada y las pocas acciones que evidencian estos compromisos, habitantes de los municipios de Granada y San Carlos decidieron manifestarse este 14 de noviembre en la Autopista Medell\u00edn \u2013 Bogot\u00e1, en el sector La Mayor\u00eda, donde entre la 1 y las 4 de la tarde evitaron el paso de veh\u00edculos de manera intermitente con la idea de que por fin el gobierno departamental atienda la necesidad urgente de los habitantes de los dos municipios.<\/p>\n","protected":false},"author":1,"featured_media":0,"comment_status":"open","ping_status":"open","sticky":false,"template":"","format":"standard","meta":{"footnotes":""},"categories":[19],"tags":[],"class_list":["post-588","post","type-post","status-publish","format-standard","hentry","category-noticias"],"_links":{"self":[{"href":"https:\/\/www.desdegranada.com\/site\/index.php?rest_route=\/wp\/v2\/posts\/588","targetHints":{"allow":["GET"]}}],"collection":[{"href":"https:\/\/www.desdegranada.com\/site\/index.php?rest_route=\/wp\/v2\/posts"}],"about":[{"href":"https:\/\/www.desdegranada.com\/site\/index.php?rest_route=\/wp\/v2\/types\/post"}],"author":[{"embeddable":true,"href":"https:\/\/www.desdegranada.com\/site\/index.php?rest_route=\/wp\/v2\/users\/1"}],"replies":[{"embeddable":true,"href":"https:\/\/www.desdegranada.com\/site\/index.php?rest_route=%2Fwp%2Fv2%2Fcomments&post=588"}],"version-history":[{"count":0,"href":"https:\/\/www.desdegranada.com\/site\/index.php?rest_route=\/wp\/v2\/posts\/588\/revisions"}],"wp:attachment":[{"href":"https:\/\/www.desdegranada.com\/site\/index.php?rest_route=%2Fwp%2Fv2%2Fmedia&parent=588"}],"wp:term":[{"taxonomy":"category","embeddable":true,"href":"https:\/\/www.desdegranada.com\/site\/index.php?rest_route=%2Fwp%2Fv2%2Fcategories&post=588"},{"taxonomy":"post_tag","embeddable":true,"href":"https:\/\/www.desdegranada.com\/site\/index.php?rest_route=%2Fwp%2Fv2%2Ftags&post=588"}],"curies":[{"name":"wp","href":"https:\/\/api.w.org\/{rel}","templated":true}]}}