{"id":589,"date":"2022-11-23T19:15:05","date_gmt":"2022-11-23T19:15:05","guid":{"rendered":"https:\/\/www.desdegranada.com\/site\/?p=589"},"modified":"2022-11-23T19:15:05","modified_gmt":"2022-11-23T19:15:05","slug":"comunidad-de-san-carlos-y-granada-se-encuentran-en-un-planton-pacifico-en-procura-de-lograr-una-intervencion-real-sobre-la-via-granada-san-carlos","status":"publish","type":"post","link":"https:\/\/www.desdegranada.com\/site\/?p=589","title":{"rendered":"Comunidad  de San Carlos Y Granada se encuentran en un plant\u00f3n pac\u00edfico  en procura de lograr una intervenci\u00f3n real sobre la v\u00eda Granada-San Carlos."},"content":{"rendered":"<p>\u00a0<\/p>\n<p>Antecedentes:<\/p>\n<ol>\n<li>Desde la autopista Medell\u00edn-Bogot\u00e1 a San Carlos la v\u00eda se encuentra en p\u00e9simas condiciones, espec\u00edficamente en el kil\u00f3metro 0+900, el kil\u00f3metro 11, y en la falla geol\u00f3gica del kil\u00f3metro 18, se han presentado un n\u00famero plural de accidentes<\/li>\n<li>La construcci\u00f3n de hidroel\u00e9ctricas en los a\u00f1os 70 y 80 se ejecut\u00f3 sin compensaci\u00f3n para los municipios de San Carlos y Granda, quedando como deuda hist\u00f3rica pavimentar la v\u00eda Granada-SAN Carlos.<\/li>\n<li>En el Gobierno del entonces presidente Juan Manuel Santos, La Unidad Nacional de V\u00edctimas, acogi\u00f3 la propuesta del comit\u00e9 de Justicia transicional de San Carlos de pavimentar, rehabilitar la v\u00eda como medida de reparaci\u00f3n colectiva. Falsa promesa<\/li>\n<li>El d\u00eda 20 de octubre citando el contrato Global 4600014079 del 28 de septiembre de 2022 con acta de inicio del 24 de octubre de 2022, cuyo objeto es mantenimiento de v\u00edas en la subregi\u00f3n de Oriente y Magdalena medio, El secretario de Infraestructura departamental se comprometi\u00f3, a intervenir la v\u00eda. Hoy lo dicho es solo una falsa promesa m\u00e1s.<\/li>\n<\/ol>\n<p>Dado el contexto anteriormente la comunidad exige:<\/p>\n<p>\u00a0<\/p>\n<ol>\n<li>Aplicaci\u00f3n inmediata al contrato Global enunciado.<\/li>\n<li>Cumplimiento del acumulado de acuerdos llegados sobre la v\u00eda<\/li>\n<li>Creaci\u00f3n de mesa de interlocuci\u00f3n con el Gobierno Nacional.<\/li>\n<li>Pavimentaci\u00f3n de la V\u00eda San Carlos -Granada y arreglo de la V\u00eda Granada -Autopista Medell\u00edn-Bogot\u00e1.<\/li>\n<\/ol>\n<p>\u00a0<\/p>\n<p>Es el tiempo del cambio, es el momento del cumplimento de las promesas y los acuerdos alcanzados.<\/p>\n<p>\u00a0<\/p>\n<p>Con esperanza, comunidad afectada.<\/p>\n","protected":false},"excerpt":{"rendered":"<p>Autopista Medell\u00edn-Bogot\u00e1, noviembre 23 de 2022<\/p>\n<p>\u00a0A la opini\u00f3n p\u00fablica<\/p>\n<p>\u00a0Diferentes expresiones de la ciudadan\u00eda de los municipios de San Carlos Y Granada se encuentran en un plant\u00f3n pac\u00edfico sobre la autopista Medell\u00edn-Bogot\u00e1 en procura de lograr una intervenci\u00f3n real sobre la v\u00eda Granada-San Carlos.<\/p>\n","protected":false},"author":1,"featured_media":0,"comment_status":"open","ping_status":"open","sticky":false,"template":"","format":"standard","meta":{"footnotes":""},"categories":[19],"tags":[],"class_list":["post-589","post","type-post","status-publish","format-standard","hentry","category-noticias"],"_links":{"self":[{"href":"https:\/\/www.desdegranada.com\/site\/index.php?rest_route=\/wp\/v2\/posts\/589","targetHints":{"allow":["GET"]}}],"collection":[{"href":"https:\/\/www.desdegranada.com\/site\/index.php?rest_route=\/wp\/v2\/posts"}],"about":[{"href":"https:\/\/www.desdegranada.com\/site\/index.php?rest_route=\/wp\/v2\/types\/post"}],"author":[{"embeddable":true,"href":"https:\/\/www.desdegranada.com\/site\/index.php?rest_route=\/wp\/v2\/users\/1"}],"replies":[{"embeddable":true,"href":"https:\/\/www.desdegranada.com\/site\/index.php?rest_route=%2Fwp%2Fv2%2Fcomments&post=589"}],"version-history":[{"count":0,"href":"https:\/\/www.desdegranada.com\/site\/index.php?rest_route=\/wp\/v2\/posts\/589\/revisions"}],"wp:attachment":[{"href":"https:\/\/www.desdegranada.com\/site\/index.php?rest_route=%2Fwp%2Fv2%2Fmedia&parent=589"}],"wp:term":[{"taxonomy":"category","embeddable":true,"href":"https:\/\/www.desdegranada.com\/site\/index.php?rest_route=%2Fwp%2Fv2%2Fcategories&post=589"},{"taxonomy":"post_tag","embeddable":true,"href":"https:\/\/www.desdegranada.com\/site\/index.php?rest_route=%2Fwp%2Fv2%2Ftags&post=589"}],"curies":[{"name":"wp","href":"https:\/\/api.w.org\/{rel}","templated":true}]}}