{"id":590,"date":"2022-11-24T20:04:28","date_gmt":"2022-11-24T20:04:28","guid":{"rendered":"https:\/\/www.desdegranada.com\/site\/?p=590"},"modified":"2022-11-24T20:04:28","modified_gmt":"2022-11-24T20:04:28","slug":"mauricio-pineda-una-vida-entre-el-deporte-la-docencia-y-el-trabajo-comunitario","status":"publish","type":"post","link":"https:\/\/www.desdegranada.com\/site\/?p=590","title":{"rendered":"Mauricio Pineda: una vida entre el deporte, la docencia, y el trabajo comunitario"},"content":{"rendered":"<p style=\"text-align: justify;\">Por: Faiber Salazar.<\/p>\n<p style=\"text-align: justify;\">Twitter: @soy_fai<\/p>\n<p style=\"text-align: justify;\">Su ni\u00f1ez y juventud en el municipio de San Jer\u00f3nimo, de donde es oriundo, se movieron siempre con un bal\u00f3n o cerca al agua, pero tambi\u00e9n entre otras actividades propias de un joven como el estudio.<\/p>\n<p style=\"text-align: justify;\">Graduado como normalista superior en su natal San Jer\u00f3nimo, lleg\u00f3 a Granada en el a\u00f1o 2008. Los habitantes de la vereda Tafetanes fueron quienes le recibieron en su primera experiencia como docente en el municipio.<\/p>\n<p style=\"text-align: justify;\">\u201cMe encanta ense\u00f1ar, aprender de mis estudiantes, investigar, proponer, hacer algo por las comunidades en las que estoy, entonces ah\u00ed est\u00e1 la esencia del maestro, del docente\u201d.<\/p>\n<p style=\"text-align: justify;\"><img loading=\"lazy\" decoding=\"async\" src=\"images\/M_Pineda_1.jpg\" alt=\"\" width=\"750\" height=\"439\" \/><\/p>\n<p style=\"text-align: justify;\">De Tafetanes pas\u00f3 a prestar sus servicios como maestro en el municipio de Cocorn\u00e1, pero volvi\u00f3 a Granada, m\u00e1s exactamente a la vereda Reyes, en donde completa ya 12 a\u00f1os, y no solo cumple su funci\u00f3n como docente, sino que tambi\u00e9n ha trabajado junto a la comunidad en la gesti\u00f3n y desarrollo de proyectos que han posibilitado mejorar la calidad de vida de su gente.<\/p>\n<p style=\"text-align: justify;\">\u201cEn el magisterio voy a cumplir 18 a\u00f1os, y en Granada, afortunadamente, de esos 18, llevo 14. Una experiencia muy bonita al servicio de Granada\u201d.<\/p>\n<p style=\"text-align: justify;\">Conversar con el profe Mauricio es un gusto, podr\u00eda decirse que conoce de todo un poco y al referirse a cada tema, busca las palabras precisas para expresar sus opiniones; a\u00fan con su tono de voz grueso, habla con tranquilidad y siempre con una correcta pronunciaci\u00f3n.<\/p>\n<p style=\"text-align: justify;\"><img loading=\"lazy\" decoding=\"async\" src=\"images\/M_Pineda_2.jpg\" alt=\"\" width=\"750\" height=\"439\" \/><\/p>\n<p style=\"text-align: justify;\">Su tiempo de ocio, lo dedica a compartir con su esposa granadina y su peque\u00f1a hija, aunque tambi\u00e9n saca espacio para participar de los torneos de microfutbol que se desarrollan a nivel municipal y para representar al gremio de los docentes en diferentes competiciones.<\/p>\n<p style=\"text-align: justify;\">\u201cTrato de entrenar y de jugar lo que m\u00e1s pueda para no perder el nivel, aunque es complicado, pero uno busca no perderlo, y trato de competir en los torneos municipales, en los juegos del magisterio nos seguimos destacando\u201d.<\/p>\n<p style=\"text-align: justify;\"><img loading=\"lazy\" decoding=\"async\" src=\"images\/M_Pineda_3.jpg\" alt=\"\" width=\"750\" height=\"439\" \/><\/p>\n<p style=\"text-align: justify;\">La m\u00fasica y la poes\u00eda son otras de sus pasiones, \u201cme encanta escribir poes\u00eda, me encanta leer poes\u00eda, buscar la poes\u00eda en la m\u00fasica\u201d. Jes\u00fas Manuel Estrada en la m\u00fasica y Jorge Luis Borges en la poes\u00eda son sus autores preferidos.<\/p>\n<p style=\"text-align: justify;\">Es un hombre observador, atento, disciplinado y ordenado. En cada tarea o trabajo que hace, siempre eval\u00faa hasta el menor detalle. Goza de un amplio l\u00e9xico y frecuentemente usa palabras como fant\u00e1stico, hermoso, maravilloso, espectacular para calificar momentos, situaciones o experiencias.<\/p>\n<p style=\"text-align: justify;\">\u00a0<iframe loading=\"lazy\" src=\"\/\/www.youtube.com\/embed\/wVMe-hXVZ0Y\" width=\"560\" height=\"314\" allowfullscreen=\"allowfullscreen\"><\/iframe><\/p>\n<p style=\"text-align: justify;\">\u00a0<\/p>\n","protected":false},"excerpt":{"rendered":"<p>A Andr\u00e9s Mauricio Pineda Luna, desde siempre se le ha reconocido como un hombre amante del deporte, sobre todo del f\u00fatbol de sal\u00f3n o microfutbol, pero tambi\u00e9n han sobresalido en \u00e9l otras cualidades como su entrega y amor en la labor de maestro, su gusto por la m\u00fasica vallenata y la poes\u00eda, y el perfil de l\u00edder que le gusta asumir en las comunidades en las que trabaja.<\/p>\n","protected":false},"author":1,"featured_media":0,"comment_status":"open","ping_status":"open","sticky":false,"template":"","format":"standard","meta":{"footnotes":""},"categories":[20],"tags":[],"class_list":["post-590","post","type-post","status-publish","format-standard","hentry","category-columnistas"],"_links":{"self":[{"href":"https:\/\/www.desdegranada.com\/site\/index.php?rest_route=\/wp\/v2\/posts\/590","targetHints":{"allow":["GET"]}}],"collection":[{"href":"https:\/\/www.desdegranada.com\/site\/index.php?rest_route=\/wp\/v2\/posts"}],"about":[{"href":"https:\/\/www.desdegranada.com\/site\/index.php?rest_route=\/wp\/v2\/types\/post"}],"author":[{"embeddable":true,"href":"https:\/\/www.desdegranada.com\/site\/index.php?rest_route=\/wp\/v2\/users\/1"}],"replies":[{"embeddable":true,"href":"https:\/\/www.desdegranada.com\/site\/index.php?rest_route=%2Fwp%2Fv2%2Fcomments&post=590"}],"version-history":[{"count":0,"href":"https:\/\/www.desdegranada.com\/site\/index.php?rest_route=\/wp\/v2\/posts\/590\/revisions"}],"wp:attachment":[{"href":"https:\/\/www.desdegranada.com\/site\/index.php?rest_route=%2Fwp%2Fv2%2Fmedia&parent=590"}],"wp:term":[{"taxonomy":"category","embeddable":true,"href":"https:\/\/www.desdegranada.com\/site\/index.php?rest_route=%2Fwp%2Fv2%2Fcategories&post=590"},{"taxonomy":"post_tag","embeddable":true,"href":"https:\/\/www.desdegranada.com\/site\/index.php?rest_route=%2Fwp%2Fv2%2Ftags&post=590"}],"curies":[{"name":"wp","href":"https:\/\/api.w.org\/{rel}","templated":true}]}}