{"id":591,"date":"2022-11-30T14:24:34","date_gmt":"2022-11-30T14:24:34","guid":{"rendered":"https:\/\/www.desdegranada.com\/site\/?p=591"},"modified":"2022-11-30T14:24:34","modified_gmt":"2022-11-30T14:24:34","slug":"felicitaciones-en-sus-25-anos-de-vida-sacerdotal-padre-jose-dario","status":"publish","type":"post","link":"https:\/\/www.desdegranada.com\/site\/?p=591","title":{"rendered":"Felicitaciones en sus 25 a\u00f1os de vida sacerdotal, padre Jos\u00e9 Dar\u00edo"},"content":{"rendered":"<p style=\"text-align: justify;\">Despu\u00e9s de la risa contagiosa del padre Oscar Orlando que nos sirvi\u00f3 de refugio en los momentos m\u00e1s duros de Granada, necesit\u00e1bamos una voz amiga y fue la del padre Jos\u00e9 Dar\u00edo.<\/p>\n<p style=\"text-align: justify;\">Una voz para proponer soluciones y para convencer a cada hombre y a cada mujer que se encontraba en su trasegar por Granada, de que eran sus \u00abhijitos muy amados del alma\u00bb.<\/p>\n<p style=\"text-align: justify;\"><img loading=\"lazy\" decoding=\"async\" src=\"images\/25_aos_padre_Jos_Daro.jpg\" alt=\"\" width=\"750\" height=\"439\" \/><\/p>\n<p style=\"text-align: justify;\">Lo importante es hacerle al pr\u00f3jimo cosas tan lindas que cuando escuchen una canci\u00f3n o un ruido y nos recuerden, para sus adentros deseen que nos vaya bien.<\/p>\n<p style=\"text-align: justify;\">Por eso padre Dar\u00edo, sepa que cada vez que lo recordamos siempre soltamos una sonrisa y pedimos al todo poderoso por usted.<\/p>\n<p style=\"text-align: justify;\">El equipo humano de la emisora Granada St\u00e9reo, le felicita padre Dar\u00edo por sus 25 a\u00f1os de vida sacerdotal y estamos convencidos que todos estos a\u00f1os han estado llenos de muy buenos testimonios.<\/p>\n<p style=\"text-align: justify;\">Gracias por permitirnos ser parte de sus amigos, lo queremos mucho.<\/p>\n","protected":false},"excerpt":{"rendered":"<p style=\"text-align: justify;\">Granada \u2013 Antioquia\u00a0<\/p>\n<p style=\"text-align: justify;\">Noviembre de 2022\u00a0<\/p>\n<p style=\"text-align: justify;\">Gracias al Esp\u00edritu Santo que le ha dado sabidur\u00eda a los obispos para mandar a nuestra parroquia a sacerdotes acordes con lo que hemos necesitado.<\/p>\n","protected":false},"author":1,"featured_media":0,"comment_status":"open","ping_status":"open","sticky":false,"template":"","format":"standard","meta":{"footnotes":""},"categories":[19],"tags":[],"class_list":["post-591","post","type-post","status-publish","format-standard","hentry","category-noticias"],"_links":{"self":[{"href":"https:\/\/www.desdegranada.com\/site\/index.php?rest_route=\/wp\/v2\/posts\/591","targetHints":{"allow":["GET"]}}],"collection":[{"href":"https:\/\/www.desdegranada.com\/site\/index.php?rest_route=\/wp\/v2\/posts"}],"about":[{"href":"https:\/\/www.desdegranada.com\/site\/index.php?rest_route=\/wp\/v2\/types\/post"}],"author":[{"embeddable":true,"href":"https:\/\/www.desdegranada.com\/site\/index.php?rest_route=\/wp\/v2\/users\/1"}],"replies":[{"embeddable":true,"href":"https:\/\/www.desdegranada.com\/site\/index.php?rest_route=%2Fwp%2Fv2%2Fcomments&post=591"}],"version-history":[{"count":0,"href":"https:\/\/www.desdegranada.com\/site\/index.php?rest_route=\/wp\/v2\/posts\/591\/revisions"}],"wp:attachment":[{"href":"https:\/\/www.desdegranada.com\/site\/index.php?rest_route=%2Fwp%2Fv2%2Fmedia&parent=591"}],"wp:term":[{"taxonomy":"category","embeddable":true,"href":"https:\/\/www.desdegranada.com\/site\/index.php?rest_route=%2Fwp%2Fv2%2Fcategories&post=591"},{"taxonomy":"post_tag","embeddable":true,"href":"https:\/\/www.desdegranada.com\/site\/index.php?rest_route=%2Fwp%2Fv2%2Ftags&post=591"}],"curies":[{"name":"wp","href":"https:\/\/api.w.org\/{rel}","templated":true}]}}