{"id":592,"date":"2022-12-06T17:13:59","date_gmt":"2022-12-06T17:13:59","guid":{"rendered":"https:\/\/www.desdegranada.com\/site\/?p=592"},"modified":"2022-12-06T17:13:59","modified_gmt":"2022-12-06T17:13:59","slug":"mercado-campesino-de-granada-con-amor-una-estrategia-que-promueve-la-compra-de-productos-directamente-a-los-campesinos","status":"publish","type":"post","link":"https:\/\/www.desdegranada.com\/site\/?p=592","title":{"rendered":"Mercado campesino \u2018De Granada con amor\u2019, una estrategia que promueve la compra de productos directamente a los campesinos."},"content":{"rendered":"<p style=\"text-align: justify;\">Henry Toro es un comerciante granadino radicado en la ciudad de Medell\u00edn, que asiste mes a mes al mercado, bien sea para comprar a sus paisanos parte de los productos que necesita para su hogar o simplemente para saludarlos y conversar con ellos.<\/p>\n<p style=\"text-align: justify;\"><strong><em>\u201c<\/em><\/strong>Yo siempre vengo y comparto con ellos, no solamente comprarles sino saludarlos, preguntarles c\u00f3mo les ha ido y estar con ellos\u201d, dice sobre su forma de hacerse part\u00edcipe de los mercados.<\/p>\n<p style=\"text-align: justify;\"><img loading=\"lazy\" decoding=\"async\" src=\"images\/Mercados_Campesinos_2022_1.jpg\" alt=\"\" width=\"750\" height=\"439\" \/><\/p>\n<p style=\"text-align: justify;\">Do\u00f1a Yolanda, Luz Dary y Germ\u00e1n son algunos de los campesinos y emprendedores que, gracias a este proceso, que ya cumple un a\u00f1o de realizarse, llevan sus productos hasta el Gran Plaza, en donde pueden venderlos a mejores precios, posicionar sus marcas y establecer alianzas comerciales en la ciudad, lo que les permite mejorar sus ingresos y la calidad de vida de sus familias.<\/p>\n<p style=\"text-align: justify;\">Para Germ\u00e1n Tamayo, la estrategia de mercados campesinos \u2018De Granada con amor\u2019 ha sido un salvavidas para su econom\u00eda y su proyecto Caf\u00e9 Mariantonia. \u201cResurgimos como el ave f\u00e9nix gracias al centro comercial Gran Plaza, que nos dio una oportunidad tan grande de tener este punto de venta cada mes\u201d.<\/p>\n<p style=\"text-align: justify;\">Del mismo modo opinan las mujeres que cerca al primer s\u00e1bado de mes se ponen en la tarea de seleccionar los productos para llevar al mercado campesino.<\/p>\n<p style=\"text-align: justify;\">Yolanda Guti\u00e9rrez expresa, \u201cbastante me ha servido para mejorar mi calidad de vida porque yo vengo aqu\u00ed y la gente nos colabora mucho compr\u00e1ndonos y nos ayuda mucho para la econom\u00eda de la casa\u201d, mientras que Luz Dary Parra valora el crecimiento de las ventas, \u201ca m\u00ed la verdad me ha ido super bien y esto me ha servido para salir un poco adelante en mi familia\u201d.<\/p>\n<p style=\"text-align: justify;\"><img loading=\"lazy\" decoding=\"async\" src=\"images\/Mercados_Campesinos_2022_2.jpg\" alt=\"\" width=\"750\" height=\"439\" \/><\/p>\n<p style=\"text-align: justify;\">Desde el primer mercado que se realiz\u00f3 a finales del a\u00f1o 2021 hasta la fecha, son ya 13 mercados aproximadamente los que ha recibido el Gran Plaza, con un balance m\u00e1s que satisfactorio tanto para emprendedores y campesinos como para directivos del centro comercial y organizadores.<\/p>\n<p style=\"text-align: justify;\">\u201cEl balance es muy productivo y las ventas al final del d\u00eda son casi del 70 u 80 % y esto es muy positivo. Son alrededor de 20 toldos, casi 28, 30 emprendimientos sin contar todas las familias que hay detr\u00e1s\u201d, destac\u00f3 Gladys Casta\u00f1o, coordinadora de la Red Gransol y de la log\u00edstica en el municipio para los mercados campesinos.<\/p>\n<p style=\"text-align: justify;\">Un acto de agradecimiento tuvo lugar en este \u00faltimo mercado del a\u00f1o, en el que se le hizo un reconocimiento al Centro Comercial y a quienes han apoyado esta iniciativa que tiene como principal apuesta romper con los intermediarios para que se le compre directamente al campesino o emprendedor.<\/p>\n<p style=\"text-align: justify;\">Desde ya, y con la gratitud y satisfacci\u00f3n de los resultados obtenidos, quienes participan de estos mercados piensan en el 2023 y en mostrar productos y procesos que hagan m\u00e1s atractivo el espacio.<\/p>\n","protected":false},"excerpt":{"rendered":"<p style=\"text-align: justify;\">El s\u00e1bado 3 de diciembre el Centro Comercial Gran Plaza recibi\u00f3 por \u00faltima vez en este 2022 el mercado campesino \u2018De Granada con amor\u2019.<\/p>\n","protected":false},"author":1,"featured_media":0,"comment_status":"open","ping_status":"open","sticky":false,"template":"","format":"standard","meta":{"footnotes":""},"categories":[19],"tags":[],"class_list":["post-592","post","type-post","status-publish","format-standard","hentry","category-noticias"],"_links":{"self":[{"href":"https:\/\/www.desdegranada.com\/site\/index.php?rest_route=\/wp\/v2\/posts\/592","targetHints":{"allow":["GET"]}}],"collection":[{"href":"https:\/\/www.desdegranada.com\/site\/index.php?rest_route=\/wp\/v2\/posts"}],"about":[{"href":"https:\/\/www.desdegranada.com\/site\/index.php?rest_route=\/wp\/v2\/types\/post"}],"author":[{"embeddable":true,"href":"https:\/\/www.desdegranada.com\/site\/index.php?rest_route=\/wp\/v2\/users\/1"}],"replies":[{"embeddable":true,"href":"https:\/\/www.desdegranada.com\/site\/index.php?rest_route=%2Fwp%2Fv2%2Fcomments&post=592"}],"version-history":[{"count":0,"href":"https:\/\/www.desdegranada.com\/site\/index.php?rest_route=\/wp\/v2\/posts\/592\/revisions"}],"wp:attachment":[{"href":"https:\/\/www.desdegranada.com\/site\/index.php?rest_route=%2Fwp%2Fv2%2Fmedia&parent=592"}],"wp:term":[{"taxonomy":"category","embeddable":true,"href":"https:\/\/www.desdegranada.com\/site\/index.php?rest_route=%2Fwp%2Fv2%2Fcategories&post=592"},{"taxonomy":"post_tag","embeddable":true,"href":"https:\/\/www.desdegranada.com\/site\/index.php?rest_route=%2Fwp%2Fv2%2Ftags&post=592"}],"curies":[{"name":"wp","href":"https:\/\/api.w.org\/{rel}","templated":true}]}}