{"id":593,"date":"2022-12-07T21:31:30","date_gmt":"2022-12-07T21:31:30","guid":{"rendered":"https:\/\/www.desdegranada.com\/site\/?p=593"},"modified":"2022-12-07T21:31:30","modified_gmt":"2022-12-07T21:31:30","slug":"con-firma-de-un-pacto-en-granada-se-ratifica-el-compromiso-con-la-busqueda-de-los-desaparecidos","status":"publish","type":"post","link":"https:\/\/www.desdegranada.com\/site\/?p=593","title":{"rendered":"Con firma de un pacto, en Granada se ratifica el compromiso con la b\u00fasqueda de los desaparecidos"},"content":{"rendered":"<p style=\"text-align: justify;\">Este es un compromiso\u00a0que tiene como prop\u00f3sito\u00a0seguir trabajando articulados hasta encontrar a cada desaparecido durante el conflicto y as\u00ed devolverle la paz a sus seres queridos.\u00a0<\/p>\n<p style=\"text-align: justify;\"><img loading=\"lazy\" decoding=\"async\" src=\"images\/Pacto_por_la_busqueda.jpg\" alt=\"\" width=\"750\" height=\"439\" \/><\/p>\n<p style=\"text-align: justify;\">\u201cHoy nos comprometemos no s\u00f3lo a poner la firma en un papel sino a iniciar acciones positivas para dar con el paradero de estas personas que fueron desaparecidas en tiempos de violencia y ahora en este proceso de paz la intenci\u00f3n es que las familias puedan ser reparadas y acceder a la verdad\u201d, expreso Juan David Viveros, representante de la Organizaci\u00f3n Centro Jur\u00eddico de Derechos Humanos.<\/p>\n<p style=\"text-align: justify;\">La asamblea tambi\u00e9n fue ese escenario para invitar a las personas que tienen familiares desaparecidos a hacer parte del comit\u00e9 de b\u00fasqueda y reconciliaci\u00f3n. \u00a0<\/p>\n","protected":false},"excerpt":{"rendered":"<p style=\"text-align: justify;\">Representantes de las instituciones granadinas, organizaciones no gubernamentales y familiares de personas desaparecidas participaron de una asamblea en la que se firm\u00f3 el pacto por la b\u00fasqueda y la reconciliaci\u00f3n.<\/p>\n","protected":false},"author":1,"featured_media":0,"comment_status":"open","ping_status":"open","sticky":false,"template":"","format":"standard","meta":{"footnotes":""},"categories":[19],"tags":[],"class_list":["post-593","post","type-post","status-publish","format-standard","hentry","category-noticias"],"_links":{"self":[{"href":"https:\/\/www.desdegranada.com\/site\/index.php?rest_route=\/wp\/v2\/posts\/593","targetHints":{"allow":["GET"]}}],"collection":[{"href":"https:\/\/www.desdegranada.com\/site\/index.php?rest_route=\/wp\/v2\/posts"}],"about":[{"href":"https:\/\/www.desdegranada.com\/site\/index.php?rest_route=\/wp\/v2\/types\/post"}],"author":[{"embeddable":true,"href":"https:\/\/www.desdegranada.com\/site\/index.php?rest_route=\/wp\/v2\/users\/1"}],"replies":[{"embeddable":true,"href":"https:\/\/www.desdegranada.com\/site\/index.php?rest_route=%2Fwp%2Fv2%2Fcomments&post=593"}],"version-history":[{"count":0,"href":"https:\/\/www.desdegranada.com\/site\/index.php?rest_route=\/wp\/v2\/posts\/593\/revisions"}],"wp:attachment":[{"href":"https:\/\/www.desdegranada.com\/site\/index.php?rest_route=%2Fwp%2Fv2%2Fmedia&parent=593"}],"wp:term":[{"taxonomy":"category","embeddable":true,"href":"https:\/\/www.desdegranada.com\/site\/index.php?rest_route=%2Fwp%2Fv2%2Fcategories&post=593"},{"taxonomy":"post_tag","embeddable":true,"href":"https:\/\/www.desdegranada.com\/site\/index.php?rest_route=%2Fwp%2Fv2%2Ftags&post=593"}],"curies":[{"name":"wp","href":"https:\/\/api.w.org\/{rel}","templated":true}]}}