{"id":594,"date":"2022-12-07T21:41:02","date_gmt":"2022-12-07T21:41:02","guid":{"rendered":"https:\/\/www.desdegranada.com\/site\/?p=594"},"modified":"2022-12-07T21:41:02","modified_gmt":"2022-12-07T21:41:02","slug":"club-de-ciclismo-e-instituciones-homenajearon-a-ciclistas-destacados","status":"publish","type":"post","link":"https:\/\/www.desdegranada.com\/site\/?p=594","title":{"rendered":"Club de Ciclismo e instituciones homenajearon a ciclistas destacados"},"content":{"rendered":"<p style=\"text-align: justify;\"><img loading=\"lazy\" decoding=\"async\" src=\"images\/Homenaje_ciclistas_2022_1.jpg\" width=\"750\" height=\"439\" \/><\/p>\n<p style=\"text-align: justify;\">Elizabeth Casta\u00f1o, Jos\u00e9 Miguel Aristiz\u00e1bal, Santiago Escudero y Esteban Hoyos Castro, son algunos de los que, en lo corrido del a\u00f1o, hicieron sonar el nombre de Granada con su capacidad sobre la bicicleta.<\/p>\n<p style=\"text-align: justify;\">Con trabajo duro y continuo, los pedalistas empiezan desde ya a proyectar lo que ser\u00e1n los retos del 2023, a\u00f1o en el que esperan mantener su buen nivel para seguir cosechando triunfos.<\/p>\n<p style=\"text-align: justify;\"><img loading=\"lazy\" decoding=\"async\" src=\"images\/Homenaje_ciclistas_2022_2.jpg\" alt=\"\" width=\"750\" height=\"439\" \/><\/p>\n<p style=\"text-align: justify;\">En un acto que tuvo lugar el 29 de noviembre, el Club Escuela de Ciclismo y las instituciones les hicieron un reconocimiento a estos deportistas y les reafirmaron su apoyo de cara al nuevo a\u00f1o.<\/p>\n","protected":false},"excerpt":{"rendered":"<p style=\"text-align: justify;\">El 2022 fue un a\u00f1o muy positivo para varios ciclistas granadinos ya que lograron destacarse con sus equipos en diferentes competiciones.<\/p>\n","protected":false},"author":1,"featured_media":0,"comment_status":"open","ping_status":"open","sticky":false,"template":"","format":"standard","meta":{"footnotes":""},"categories":[19],"tags":[],"class_list":["post-594","post","type-post","status-publish","format-standard","hentry","category-noticias"],"_links":{"self":[{"href":"https:\/\/www.desdegranada.com\/site\/index.php?rest_route=\/wp\/v2\/posts\/594","targetHints":{"allow":["GET"]}}],"collection":[{"href":"https:\/\/www.desdegranada.com\/site\/index.php?rest_route=\/wp\/v2\/posts"}],"about":[{"href":"https:\/\/www.desdegranada.com\/site\/index.php?rest_route=\/wp\/v2\/types\/post"}],"author":[{"embeddable":true,"href":"https:\/\/www.desdegranada.com\/site\/index.php?rest_route=\/wp\/v2\/users\/1"}],"replies":[{"embeddable":true,"href":"https:\/\/www.desdegranada.com\/site\/index.php?rest_route=%2Fwp%2Fv2%2Fcomments&post=594"}],"version-history":[{"count":0,"href":"https:\/\/www.desdegranada.com\/site\/index.php?rest_route=\/wp\/v2\/posts\/594\/revisions"}],"wp:attachment":[{"href":"https:\/\/www.desdegranada.com\/site\/index.php?rest_route=%2Fwp%2Fv2%2Fmedia&parent=594"}],"wp:term":[{"taxonomy":"category","embeddable":true,"href":"https:\/\/www.desdegranada.com\/site\/index.php?rest_route=%2Fwp%2Fv2%2Fcategories&post=594"},{"taxonomy":"post_tag","embeddable":true,"href":"https:\/\/www.desdegranada.com\/site\/index.php?rest_route=%2Fwp%2Fv2%2Ftags&post=594"}],"curies":[{"name":"wp","href":"https:\/\/api.w.org\/{rel}","templated":true}]}}