{"id":595,"date":"2022-12-08T16:34:46","date_gmt":"2022-12-08T16:34:46","guid":{"rendered":"https:\/\/www.desdegranada.com\/site\/?p=595"},"modified":"2022-12-08T16:34:46","modified_gmt":"2022-12-08T16:34:46","slug":"una-luz-con-color-de-estrella","status":"publish","type":"post","link":"https:\/\/www.desdegranada.com\/site\/?p=595","title":{"rendered":"Una luz con color de estrella"},"content":{"rendered":"<p style=\"text-align: justify;\">Por: Willington Francisco Guar\u00edn.<\/p>\n<p style=\"text-align: justify;\">Granada, un pueblo caracterizado por la pujanza de su gente y la resistencia a morir en el olvido; hoy se levanta como un municipio bandera del cooperativismo, cargado de sue\u00f1os y esperanzas que no se ver\u00e1n ahogadas por los ecos f\u00fanebres de una violencia que ya, en nuestro coraz\u00f3n, qued\u00f3 atr\u00e1s.<\/p>\n<p style=\"text-align: justify;\">Hoy nos unimos a los cantos dulces de nuestros ni\u00f1os, para dar la bienvenida a la Navidad 2022. Se encender\u00e1n las velas, las luces y los corazones, que quieren labrar nuevas sonrisas en un a\u00f1o 2023, que se asoma por nuestras ventanas.<\/p>\n<p style=\"text-align: justify;\">No es en vano que, hace ya dos a\u00f1os, padecimos una pandemia mundial, que nos impidi\u00f3 reunirnos en los escenarios de la vida y el amor. Este a\u00f1o, llegamos a este nuevo escenario, con la certeza de que todo va llegando y va pasando, menos el sue\u00f1o de ser hermanos en la paz y la reconciliaci\u00f3n. Aqu\u00ed estamos reunidos, en torno a un mismo sue\u00f1o: HACER DE GRANADA, la cuna de la Paz y la No Violencia.<\/p>\n<p style=\"text-align: justify;\">Nuestro cielo sigue abierto, y lleva el nombre de nuevas estrellas; cada una de las estrellas que adornan el firmamento, dir\u00e1n algunos entre suspiros, son los recuerdos de las personas amadas que ya no nos acompa\u00f1an, y que, por alguna raz\u00f3n, fueron arrancados de la tierra; s\u00ed, de esta tierra de la que todos un d\u00eda partiremos, pero que jam\u00e1s podr\u00e1n ser arrancados del firmamento; s\u00ed, de ese firmamento que vive en nuestros recuerdos y en nuestro coraz\u00f3n.<\/p>\n<p style=\"text-align: justify;\">Encendamos las antorchas de la vida, silenciemos los ecos del terror, que se prendan las luces del amor y que brillen, en el cielo, los nombres de quienes se han ido demasiado pronto, y, por eso, ahora nos miran desde el firmamento.<\/p>\n<p style=\"text-align: justify;\"><img loading=\"lazy\" decoding=\"async\" src=\"images\/Texto_Willington.jpg\" alt=\"\" width=\"750\" height=\"439\" \/><\/p>\n<p style=\"text-align: justify;\"><em>Naci\u00f3 en Bel\u00e9n la luz del Amor,<\/em><\/p>\n<p style=\"text-align: justify;\"><em>Brill\u00f3 en esta tierra y lleg\u00f3 hasta Granada;<\/em><\/p>\n<p style=\"text-align: justify;\"><em>Hoy las luces se encienden junto al fulgor,<\/em><\/p>\n<p style=\"text-align: justify;\"><em>De una noche que sobrevive a la nada.<\/em><\/p>\n<p style=\"text-align: justify;\"><em>\u00a0<\/em><\/p>\n<p style=\"text-align: justify;\"><em>Hay rostros que no volveremos a ver,<\/em><\/p>\n<p style=\"text-align: justify;\"><em>Hay otros que jam\u00e1s olvidaremos.<\/em><\/p>\n<p style=\"text-align: justify;\"><em>Levantemos nuestros voces al creer,<\/em><\/p>\n<p style=\"text-align: justify;\"><em>Que a la guerra jam\u00e1s volveremos.<\/em><\/p>\n<p style=\"text-align: justify;\"><em>\u00a0<\/em><\/p>\n<p style=\"text-align: justify;\"><em>No se nace para morir, sino para brillar;<\/em><\/p>\n<p style=\"text-align: justify;\"><em>Se brilla al dejar un rastro luciente,<\/em><\/p>\n<p style=\"text-align: justify;\"><em>Un rastro que a otro pueda ayudar,<\/em><\/p>\n<p style=\"text-align: justify;\"><em>A transitar con coraz\u00f3n valiente.<\/em><\/p>\n<p style=\"text-align: justify;\"><em>\u00a0<\/em><\/p>\n<p style=\"text-align: justify;\"><em>Nuestras velas el cielo iluminan;<\/em><\/p>\n<p style=\"text-align: justify;\"><em>Sus recuerdos nuestros corazones encienden.<\/em><\/p>\n<p style=\"text-align: justify;\"><em>No se han ido de esta tierra, a\u00fan caminan,<\/em><\/p>\n<p style=\"text-align: justify;\"><em>Entre las estrellas que ahora sostienen.<\/em><\/p>\n<p style=\"text-align: justify;\"><em>\u00a0<\/em><\/p>\n<p style=\"text-align: justify;\"><em>Bienvenida, digamos a la Navidad;<\/em><\/p>\n<p style=\"text-align: justify;\"><em>Que entre suspiros ahora comienza.<\/em><\/p>\n<p style=\"text-align: justify;\"><em>Qu\u00e9 la dulce esperanza en verdad,<\/em><\/p>\n<p style=\"text-align: justify;\"><em>Nos re\u00fana en amor y nueva fuerza.<\/em><\/p>\n<p style=\"text-align: justify;\"><em>\u00a0<\/em><\/p>\n<p style=\"text-align: justify;\"><em>Que Granada abra las puertas al amor,<\/em><\/p>\n<p style=\"text-align: justify;\"><em>Y se apaguen los fusiles de la muerte,<\/em><\/p>\n<p style=\"text-align: justify;\"><em>Digamos con el ni\u00f1o del tambor,<\/em><\/p>\n<p style=\"text-align: justify;\"><em>Que este a\u00f1o la vida sea m\u00e1s fuerte.<\/em><\/p>\n","protected":false},"excerpt":{"rendered":"<p style=\"text-align: justify;\">Corr\u00eda el 31 de enero de 1807, cuando, en Vahos, hoy Granada, se dio inici\u00f3 a un sue\u00f1o colectivo, de fundar un Municipio, que ya, en 215 a\u00f1os de historia, ha vivido las mieles de la bonanza, pero, tambi\u00e9n, ha padecido las amargas hieles de la guerra.<\/p>\n","protected":false},"author":1,"featured_media":0,"comment_status":"open","ping_status":"open","sticky":false,"template":"","format":"standard","meta":{"footnotes":""},"categories":[20],"tags":[],"class_list":["post-595","post","type-post","status-publish","format-standard","hentry","category-columnistas"],"_links":{"self":[{"href":"https:\/\/www.desdegranada.com\/site\/index.php?rest_route=\/wp\/v2\/posts\/595","targetHints":{"allow":["GET"]}}],"collection":[{"href":"https:\/\/www.desdegranada.com\/site\/index.php?rest_route=\/wp\/v2\/posts"}],"about":[{"href":"https:\/\/www.desdegranada.com\/site\/index.php?rest_route=\/wp\/v2\/types\/post"}],"author":[{"embeddable":true,"href":"https:\/\/www.desdegranada.com\/site\/index.php?rest_route=\/wp\/v2\/users\/1"}],"replies":[{"embeddable":true,"href":"https:\/\/www.desdegranada.com\/site\/index.php?rest_route=%2Fwp%2Fv2%2Fcomments&post=595"}],"version-history":[{"count":0,"href":"https:\/\/www.desdegranada.com\/site\/index.php?rest_route=\/wp\/v2\/posts\/595\/revisions"}],"wp:attachment":[{"href":"https:\/\/www.desdegranada.com\/site\/index.php?rest_route=%2Fwp%2Fv2%2Fmedia&parent=595"}],"wp:term":[{"taxonomy":"category","embeddable":true,"href":"https:\/\/www.desdegranada.com\/site\/index.php?rest_route=%2Fwp%2Fv2%2Fcategories&post=595"},{"taxonomy":"post_tag","embeddable":true,"href":"https:\/\/www.desdegranada.com\/site\/index.php?rest_route=%2Fwp%2Fv2%2Ftags&post=595"}],"curies":[{"name":"wp","href":"https:\/\/api.w.org\/{rel}","templated":true}]}}