{"id":596,"date":"2022-12-09T13:55:30","date_gmt":"2022-12-09T13:55:30","guid":{"rendered":"https:\/\/www.desdegranada.com\/site\/?p=596"},"modified":"2022-12-09T13:55:30","modified_gmt":"2022-12-09T13:55:30","slug":"concejo-municipal-aprobo-presupuesto-de-granada-para-el-ano-2023","status":"publish","type":"post","link":"https:\/\/www.desdegranada.com\/site\/?p=596","title":{"rendered":"Concejo municipal aprob\u00f3 presupuesto de Granada para el a\u00f1o 2023"},"content":{"rendered":"<p style=\"text-align: justify;\">\u201cSe ha mejorado de acuerdo a unas recomendaciones del concejo municipal, y que las acept\u00f3 el se\u00f1or alcalde y su equipo, en 238 millones de pesos con el fin de mejorar y hacer algunas obras de inversi\u00f3n\u201d, explic\u00f3 a trav\u00e9s de las redes sociales de la corporaci\u00f3n el concejal Iv\u00e1n Dar\u00edo Hoyos.<\/p>\n<p style=\"text-align: justify;\">El monto, aprobado mediante el proyecto de acuerdo N\u00b013, ser\u00e1 destinado a gastos de inversi\u00f3n y funcionamiento, adem\u00e1s de a ejecutar las diferentes propuestas plasmadas en el plan de desarrollo municipal que permitan impactar y mejorar la calidad de vida del grueso de la poblaci\u00f3n granadina.<\/p>\n<p>\u00a0<\/p>\n","protected":false},"excerpt":{"rendered":"<p style=\"text-align: justify;\">FOTO: Facebook concejo Granada.<\/p>\n<p style=\"text-align: justify;\">En tercer debate el Honorable Concejo Municipal aprob\u00f3 por unanimidad el presupuesto de Granada para la vigencia 2023 que ser\u00e1 de diecisiete mil cuatrocientos treinta y ocho millones de pesos -$17.438.000.000-.<\/p>\n","protected":false},"author":1,"featured_media":0,"comment_status":"open","ping_status":"open","sticky":false,"template":"","format":"standard","meta":{"footnotes":""},"categories":[19],"tags":[],"class_list":["post-596","post","type-post","status-publish","format-standard","hentry","category-noticias"],"_links":{"self":[{"href":"https:\/\/www.desdegranada.com\/site\/index.php?rest_route=\/wp\/v2\/posts\/596","targetHints":{"allow":["GET"]}}],"collection":[{"href":"https:\/\/www.desdegranada.com\/site\/index.php?rest_route=\/wp\/v2\/posts"}],"about":[{"href":"https:\/\/www.desdegranada.com\/site\/index.php?rest_route=\/wp\/v2\/types\/post"}],"author":[{"embeddable":true,"href":"https:\/\/www.desdegranada.com\/site\/index.php?rest_route=\/wp\/v2\/users\/1"}],"replies":[{"embeddable":true,"href":"https:\/\/www.desdegranada.com\/site\/index.php?rest_route=%2Fwp%2Fv2%2Fcomments&post=596"}],"version-history":[{"count":0,"href":"https:\/\/www.desdegranada.com\/site\/index.php?rest_route=\/wp\/v2\/posts\/596\/revisions"}],"wp:attachment":[{"href":"https:\/\/www.desdegranada.com\/site\/index.php?rest_route=%2Fwp%2Fv2%2Fmedia&parent=596"}],"wp:term":[{"taxonomy":"category","embeddable":true,"href":"https:\/\/www.desdegranada.com\/site\/index.php?rest_route=%2Fwp%2Fv2%2Fcategories&post=596"},{"taxonomy":"post_tag","embeddable":true,"href":"https:\/\/www.desdegranada.com\/site\/index.php?rest_route=%2Fwp%2Fv2%2Ftags&post=596"}],"curies":[{"name":"wp","href":"https:\/\/api.w.org\/{rel}","templated":true}]}}