{"id":597,"date":"2022-12-09T20:07:59","date_gmt":"2022-12-09T20:07:59","guid":{"rendered":"https:\/\/www.desdegranada.com\/site\/?p=597"},"modified":"2022-12-09T20:07:59","modified_gmt":"2022-12-09T20:07:59","slug":"a-la-edad-de-92-anos-fallecio-don-tulio-eduardo-gomez-padre-del-maximo-accionista-del-america-de-cali","status":"publish","type":"post","link":"https:\/\/www.desdegranada.com\/site\/?p=597","title":{"rendered":"A la edad de 92 a\u00f1os, falleci\u00f3 don Tulio Eduardo G\u00f3mez, padre del m\u00e1ximo accionista del Am\u00e9rica de Cali"},"content":{"rendered":"<p style=\"text-align: justify;\">Era el se\u00f1or padre don Tulio Alberto G\u00f3mez Giraldo, el mayor accionista del Am\u00e9rica y agromercados La Monta\u00f1a.<\/p>\n<p style=\"text-align: justify;\">Oriundo de Granada, Antioquia, emigr\u00f3 muy joven a la ciudad de Manizales y luego se traslad\u00f3 a la ciudad de Cali hace ya muchos a\u00f1os. Hombre de f\u00e9rreos principios morales, de \u00e9tica y ejemplo de trabajo duro y honrado para sacar adelante a su familia, buen ejemplo que hered\u00f3 a sus hijos y familiares.<\/p>\n<p style=\"text-align: justify;\"><em><strong>Padre de empresarios l\u00edderes en la ciudad de Cali.<\/strong><\/em><\/p>\n<p style=\"text-align: justify;\">La Colonia Granadina Residente Cali le hace llegar el m\u00e1s sentido saludo de condolencias a su se\u00f1ora esposa Deyanira G\u00f3mez Giraldo, a sus hijos Jorge Eduardo, Raquel, Tulio Alberto, Armando, Osvaldo, Nancy, Alexis, Elizabeth y Juliana,\u00a0 y a sus nietos, familiares y amigos.<\/p>\n<p style=\"text-align: justify;\">Paz en la tumba para don Tulio Eduardo y fortaleza para su familiares y amigos en estos momentos de dolor.<\/p>\n<p style=\"text-align: justify;\">Con sentimientos de pesar, consideraci\u00f3n y aprecio, Octavio de Jes\u00fas Quintero G\u00f3mez.<br \/>Colonia Granadina Residente en Cali.<\/p>\n","protected":false},"excerpt":{"rendered":"<p style=\"text-align: justify;\">La Colonia Granadina Residente en Cali lamenta profundamente el sensible fallecimiento en la noche de\u00a0ayer de nuestro paisano y amigo, el se\u00f1or don Tulio Eduardo G\u00f3mez G\u00f3mez a la edad de 92 a\u00f1os .<\/p>\n","protected":false},"author":1,"featured_media":0,"comment_status":"open","ping_status":"open","sticky":false,"template":"","format":"standard","meta":{"footnotes":""},"categories":[19],"tags":[],"class_list":["post-597","post","type-post","status-publish","format-standard","hentry","category-noticias"],"_links":{"self":[{"href":"https:\/\/www.desdegranada.com\/site\/index.php?rest_route=\/wp\/v2\/posts\/597","targetHints":{"allow":["GET"]}}],"collection":[{"href":"https:\/\/www.desdegranada.com\/site\/index.php?rest_route=\/wp\/v2\/posts"}],"about":[{"href":"https:\/\/www.desdegranada.com\/site\/index.php?rest_route=\/wp\/v2\/types\/post"}],"author":[{"embeddable":true,"href":"https:\/\/www.desdegranada.com\/site\/index.php?rest_route=\/wp\/v2\/users\/1"}],"replies":[{"embeddable":true,"href":"https:\/\/www.desdegranada.com\/site\/index.php?rest_route=%2Fwp%2Fv2%2Fcomments&post=597"}],"version-history":[{"count":0,"href":"https:\/\/www.desdegranada.com\/site\/index.php?rest_route=\/wp\/v2\/posts\/597\/revisions"}],"wp:attachment":[{"href":"https:\/\/www.desdegranada.com\/site\/index.php?rest_route=%2Fwp%2Fv2%2Fmedia&parent=597"}],"wp:term":[{"taxonomy":"category","embeddable":true,"href":"https:\/\/www.desdegranada.com\/site\/index.php?rest_route=%2Fwp%2Fv2%2Fcategories&post=597"},{"taxonomy":"post_tag","embeddable":true,"href":"https:\/\/www.desdegranada.com\/site\/index.php?rest_route=%2Fwp%2Fv2%2Ftags&post=597"}],"curies":[{"name":"wp","href":"https:\/\/api.w.org\/{rel}","templated":true}]}}