{"id":598,"date":"2022-12-10T16:47:38","date_gmt":"2022-12-10T16:47:38","guid":{"rendered":"https:\/\/www.desdegranada.com\/site\/?p=598"},"modified":"2022-12-10T16:47:38","modified_gmt":"2022-12-10T16:47:38","slug":"comunicado-a-la-opinion-publica-comite-interinstitucional-de-granada","status":"publish","type":"post","link":"https:\/\/www.desdegranada.com\/site\/?p=598","title":{"rendered":"COMUNICADO A LA OPINI\u00d3N P\u00daBLICA COMIT\u00c9 INTERINSTITUCIONAL DE GRANADA"},"content":{"rendered":"<p style=\"text-align: justify;\">Granada, un pueblo caracterizado por la pujanza de su gente y la resistencia a morir en el olvido; hoy se levanta como un municipio gestor de convivencia y paz. El comit\u00e9 Interinstitucional haci\u00e9ndose vocero de toda la comunidad, manifiesta lo siguiente:<\/p>\n<p style=\"text-align: justify;\">So\u00f1amos ser hermanos en la paz y la reconciliaci\u00f3n. Aqu\u00ed estamos reunidos, en torno a un mismo anhelo: HACER DE GRANADA, la cuna de la Paz y la No Violencia.<\/p>\n<p style=\"text-align: justify;\">Encendamos las antorchas de la vida, silenciemos los ecos del terror, que se prendan las luces del amor y que brillen, en el cielo, los nombres de quienes se han ido demasiado pronto, y, por eso, ahora nos miran desde el firmamento.<\/p>\n<p style=\"text-align: justify;\"><img loading=\"lazy\" decoding=\"async\" src=\"images\/Comunidaco_comit_interinstitucional_1.jpg\" alt=\"\" width=\"750\" height=\"439\" \/><\/p>\n<p style=\"text-align: justify;\">ANTE LA MUERTE, LA IGNOMINIA, LA INJUSTICIA, ANTE TRIBUNALES DE ODIO Y DE MUERTE GRITAMOS COMO UN DEBER Y COMO UN DERECHO, \u00a1NUNCA M\u00c1S! NUNCA MAS LA TEMPRANA MUERTE DE NUESTROS J\u00d3VENES, NUNCA M\u00c1S, EJECUCIONES Y MUERTES.<\/p>\n<p style=\"text-align: justify;\">DESDE LA INDEFENSA FRAGIL\u00cdDAD DE NUESTRAS VIDAS, UNIDOS Y UNIDAS EN UNA SOLA VOZ \u00a1A LA MUETE DECIMOS, NUNCA M\u00c1S!<\/p>\n<p style=\"text-align: justify;\">INSTITUCIONES Y PERSONAS DE GRANADA ANTIOQUIA, UNIDOS Y UNIDAS EN TORNO DE LA PAZ, Y LA DEFENSA DE LA VIDA.<\/p>\n<p style=\"text-align: justify;\">NING\u00daN ARMADO NOS REPRESENTA.<\/p>\n<p style=\"text-align: justify;\">RECHAZAMOS TODO TIPO DE VIOLENCIA<\/p>\n<p style=\"text-align: justify;\"><em>\u00a0<\/em><\/p>\n<p style=\"text-align: justify;\"><em>Que Granada abra las puertas al amor,<\/em><\/p>\n<p style=\"text-align: justify;\"><em>Y se apaguen los fusiles de la muerte,<\/em><\/p>\n<p style=\"text-align: justify;\"><em>Digamos con el ni\u00f1o del tambor,<\/em><\/p>\n<p style=\"text-align: justify;\"><em>Que este a\u00f1o la vida sea m\u00e1s fuerte.<\/em><\/p>\n<p style=\"text-align: justify;\"><em><img loading=\"lazy\" decoding=\"async\" src=\"images\/Comunidaco_comit_interinstitucional_2.jpg\" width=\"750\" height=\"439\" \/><\/em><\/p>\n<p style=\"text-align: justify;\">Desde el Comit\u00e9 Interinstitucional pedimos a las autoridades competentes desplegar acciones que generen seguridad a toda la poblaci\u00f3n y as\u00ed seguir en la senda de tranquilidad y paz, as\u00ed como hacemos un llamado a la unidad y mesura en los comentarios que se generan en redes sociales, no podemos desconocer lo que pasa, y por eso se proponen las siguientes acciones:\u00a0<\/p>\n<ol style=\"text-align: justify;\">\n<li>Generar espacios de informaci\u00f3n oficial permanente, donde se hable con claridad y se permitan a la poblaci\u00f3n estar enterada de la situaci\u00f3n de orden p\u00fablico del municipio.\u00a0<\/li>\n<\/ol>\n<ol style=\"text-align: justify;\" start=\"2\">\n<li>Realizar una reuni\u00f3n del Comit\u00e9 Interinstitucional con los comerciantes y transportadores el d\u00eda viernes 9 de diciembre.\u00a0<\/li>\n<\/ol>\n<ol style=\"text-align: justify;\" start=\"3\">\n<li>Solicitar la creaci\u00f3n de un puesto de mando unificado por la vida con el apoyo del Gobierno Nacional y Departamental.\u00a0<\/li>\n<\/ol>\n<ol style=\"text-align: justify;\" start=\"4\">\n<li>Solicitar el aumento del pie de fuerza de polic\u00eda en el municipio de Granada.<\/li>\n<\/ol>\n<p style=\"text-align: justify;\">Estamos convencidos que juntos superaremos estos momentos de crisis y saldremos m\u00e1s fortalecidos como sociedad.<\/p>\n<p style=\"text-align: justify;\">\u00a0<\/p>\n<p style=\"text-align: justify;\">Y en la tierra paz a los hombres y mujeres de buena voluntad. <br \/> Encendamos una vela por la paz.<\/p>\n<p style=\"text-align: justify;\">\u00a0<\/p>\n<p style=\"text-align: justify;\"><strong><em>Granada, diciembre 9 de 2022<\/em><\/strong><\/p>\n<p>\u00a0<\/p>\n<p>\u00a0<\/p>\n","protected":false},"excerpt":{"rendered":"<p>\u00a0<\/p>\n<p style=\"text-align: justify;\">El comit\u00e9 interinstitucional de Granada, organismo que congrega a las fuerzas vivas del municipio, se reuni\u00f3 este viernes 9 de diciembre para conversar sobre los acontecimientos ocurridos en los \u00faltimos d\u00edas afectando el orden p\u00fablico y la paz del territorio, pero tambi\u00e9n para proponer acciones que traigan de vuelta la tranquilidad entre los pobladores del municipio. Este es el comunicado que, de demanera conjunta, emitieron las instituciones tras la reuni\u00f3n.<\/p>\n","protected":false},"author":1,"featured_media":0,"comment_status":"open","ping_status":"open","sticky":false,"template":"","format":"standard","meta":{"footnotes":""},"categories":[19],"tags":[],"class_list":["post-598","post","type-post","status-publish","format-standard","hentry","category-noticias"],"_links":{"self":[{"href":"https:\/\/www.desdegranada.com\/site\/index.php?rest_route=\/wp\/v2\/posts\/598","targetHints":{"allow":["GET"]}}],"collection":[{"href":"https:\/\/www.desdegranada.com\/site\/index.php?rest_route=\/wp\/v2\/posts"}],"about":[{"href":"https:\/\/www.desdegranada.com\/site\/index.php?rest_route=\/wp\/v2\/types\/post"}],"author":[{"embeddable":true,"href":"https:\/\/www.desdegranada.com\/site\/index.php?rest_route=\/wp\/v2\/users\/1"}],"replies":[{"embeddable":true,"href":"https:\/\/www.desdegranada.com\/site\/index.php?rest_route=%2Fwp%2Fv2%2Fcomments&post=598"}],"version-history":[{"count":0,"href":"https:\/\/www.desdegranada.com\/site\/index.php?rest_route=\/wp\/v2\/posts\/598\/revisions"}],"wp:attachment":[{"href":"https:\/\/www.desdegranada.com\/site\/index.php?rest_route=%2Fwp%2Fv2%2Fmedia&parent=598"}],"wp:term":[{"taxonomy":"category","embeddable":true,"href":"https:\/\/www.desdegranada.com\/site\/index.php?rest_route=%2Fwp%2Fv2%2Fcategories&post=598"},{"taxonomy":"post_tag","embeddable":true,"href":"https:\/\/www.desdegranada.com\/site\/index.php?rest_route=%2Fwp%2Fv2%2Ftags&post=598"}],"curies":[{"name":"wp","href":"https:\/\/api.w.org\/{rel}","templated":true}]}}