{"id":599,"date":"2022-12-12T16:52:20","date_gmt":"2022-12-12T16:52:20","guid":{"rendered":"https:\/\/www.desdegranada.com\/site\/?p=599"},"modified":"2022-12-12T16:52:20","modified_gmt":"2022-12-12T16:52:20","slug":"granada-vibro-con-el-musical-navideno-del-coro-encantos-granadinos","status":"publish","type":"post","link":"https:\/\/www.desdegranada.com\/site\/?p=599","title":{"rendered":"Granada vibr\u00f3 con el musical navide\u00f1o del Coro Encantos Granadinos"},"content":{"rendered":"<p style=\"text-align: justify;\"><img loading=\"lazy\" decoding=\"async\" src=\"images\/Musical_Navideo.jpg\" alt=\"\" width=\"750\" height=\"439\" \/><\/p>\n<p style=\"text-align: justify;\">Con cantos, baile, dramatizados y reflexi\u00f3n, los asistentes se gozaron un espacio cultural marcado por el colorido y el ambiente propio de la \u00e9poca navide\u00f1a.<\/p>\n<p style=\"text-align: justify;\">M\u00e1s de 30 artistas, entre ni\u00f1os, j\u00f3venes y adultos hicieron parte de esta puesta en escena basada en la pel\u00edcula Encanto.<\/p>\n","protected":false},"excerpt":{"rendered":"<p style=\"text-align: justify;\">El aula m\u00faltiple de la Instituci\u00f3n Educativa Jorge Alberto G\u00f3mez alberg\u00f3 el Musical Navide\u00f1o del coro Encantos Granadinos, que lideran Maritza Giraldo y Adolfo G\u00f3mez.<\/p>\n","protected":false},"author":1,"featured_media":0,"comment_status":"open","ping_status":"open","sticky":false,"template":"","format":"standard","meta":{"footnotes":""},"categories":[19],"tags":[],"class_list":["post-599","post","type-post","status-publish","format-standard","hentry","category-noticias"],"_links":{"self":[{"href":"https:\/\/www.desdegranada.com\/site\/index.php?rest_route=\/wp\/v2\/posts\/599","targetHints":{"allow":["GET"]}}],"collection":[{"href":"https:\/\/www.desdegranada.com\/site\/index.php?rest_route=\/wp\/v2\/posts"}],"about":[{"href":"https:\/\/www.desdegranada.com\/site\/index.php?rest_route=\/wp\/v2\/types\/post"}],"author":[{"embeddable":true,"href":"https:\/\/www.desdegranada.com\/site\/index.php?rest_route=\/wp\/v2\/users\/1"}],"replies":[{"embeddable":true,"href":"https:\/\/www.desdegranada.com\/site\/index.php?rest_route=%2Fwp%2Fv2%2Fcomments&post=599"}],"version-history":[{"count":0,"href":"https:\/\/www.desdegranada.com\/site\/index.php?rest_route=\/wp\/v2\/posts\/599\/revisions"}],"wp:attachment":[{"href":"https:\/\/www.desdegranada.com\/site\/index.php?rest_route=%2Fwp%2Fv2%2Fmedia&parent=599"}],"wp:term":[{"taxonomy":"category","embeddable":true,"href":"https:\/\/www.desdegranada.com\/site\/index.php?rest_route=%2Fwp%2Fv2%2Fcategories&post=599"},{"taxonomy":"post_tag","embeddable":true,"href":"https:\/\/www.desdegranada.com\/site\/index.php?rest_route=%2Fwp%2Fv2%2Ftags&post=599"}],"curies":[{"name":"wp","href":"https:\/\/api.w.org\/{rel}","templated":true}]}}