{"id":600,"date":"2022-12-12T17:49:59","date_gmt":"2022-12-12T17:49:59","guid":{"rendered":"https:\/\/www.desdegranada.com\/site\/?p=600"},"modified":"2022-12-12T17:49:59","modified_gmt":"2022-12-12T17:49:59","slug":"padre-benancio-ochoa-nuevo-parroco-de-granada","status":"publish","type":"post","link":"https:\/\/www.desdegranada.com\/site\/?p=600","title":{"rendered":"Padre Benancio Ochoa nuevo p\u00e1rroco de Granada"},"content":{"rendered":"<p>Mediante este decreto, Monse\u00f1or Fidel ha designado al presb\u00edtero Benancio de Jes\u00fas Ochoa Cardona para guiar los destinos de la Parroquia Santa B\u00e1rbara de nuestro municipio.<\/p>\n<p><img loading=\"lazy\" decoding=\"async\" src=\"images\/Nuevo_prroco_padre_Benancio_1.jpg\" width=\"750\" height=\"439\" \/><\/p>\n<p>El padre Benancio oriundo del municipio de Guarne, ya prest\u00f3 sus servicios en Granada, m\u00e1s exactamente en el corregimiento de Santa Ana.<\/p>\n<p><img loading=\"lazy\" decoding=\"async\" src=\"images\/Nuevo_prroco_padre_Benancio_2.jpg\" alt=\"\" width=\"750\" height=\"439\" \/><\/p>\n<p>El nuevo p\u00e1rroco empezar\u00e1 a ejercer a partir del 29 de diciembre una vez realizada la ceremonia de posesi\u00f3n que tendr\u00e1 lugar el d\u00eda 26 del mismo mes en la parroquia concatedral \u201cSan Nicol\u00e1s el Magno\u201d del Municipio de Rionegro.<\/p>\n","protected":false},"excerpt":{"rendered":"<p>Este lunes 12 de diciembre la Di\u00f3cesis de Sons\u00f3n &#8211; Rionegro emiti\u00f3 el Decreto N\u00b0 041, por medio del cual el Obispo Monse\u00f1or Fidel Le\u00f3n Cadavid Mar\u00edn hace diferentes nombramientos de sacerdotes que ejercer\u00e1n como p\u00e1rrocos en distintas localidades que hacen parte de la di\u00f3cesis.<\/p>\n","protected":false},"author":1,"featured_media":0,"comment_status":"open","ping_status":"open","sticky":false,"template":"","format":"standard","meta":{"footnotes":""},"categories":[19],"tags":[],"class_list":["post-600","post","type-post","status-publish","format-standard","hentry","category-noticias"],"_links":{"self":[{"href":"https:\/\/www.desdegranada.com\/site\/index.php?rest_route=\/wp\/v2\/posts\/600","targetHints":{"allow":["GET"]}}],"collection":[{"href":"https:\/\/www.desdegranada.com\/site\/index.php?rest_route=\/wp\/v2\/posts"}],"about":[{"href":"https:\/\/www.desdegranada.com\/site\/index.php?rest_route=\/wp\/v2\/types\/post"}],"author":[{"embeddable":true,"href":"https:\/\/www.desdegranada.com\/site\/index.php?rest_route=\/wp\/v2\/users\/1"}],"replies":[{"embeddable":true,"href":"https:\/\/www.desdegranada.com\/site\/index.php?rest_route=%2Fwp%2Fv2%2Fcomments&post=600"}],"version-history":[{"count":0,"href":"https:\/\/www.desdegranada.com\/site\/index.php?rest_route=\/wp\/v2\/posts\/600\/revisions"}],"wp:attachment":[{"href":"https:\/\/www.desdegranada.com\/site\/index.php?rest_route=%2Fwp%2Fv2%2Fmedia&parent=600"}],"wp:term":[{"taxonomy":"category","embeddable":true,"href":"https:\/\/www.desdegranada.com\/site\/index.php?rest_route=%2Fwp%2Fv2%2Fcategories&post=600"},{"taxonomy":"post_tag","embeddable":true,"href":"https:\/\/www.desdegranada.com\/site\/index.php?rest_route=%2Fwp%2Fv2%2Ftags&post=600"}],"curies":[{"name":"wp","href":"https:\/\/api.w.org\/{rel}","templated":true}]}}