{"id":601,"date":"2022-12-12T17:57:48","date_gmt":"2022-12-12T17:57:48","guid":{"rendered":"https:\/\/www.desdegranada.com\/site\/?p=601"},"modified":"2022-12-12T17:57:48","modified_gmt":"2022-12-12T17:57:48","slug":"trasladan-al-padre-fernando-monsalve-sera-parroco-en-el-corregimiento-de-santa-ana","status":"publish","type":"post","link":"https:\/\/www.desdegranada.com\/site\/?p=601","title":{"rendered":"Trasladan al padre Fernando Monsalve, ser\u00e1 p\u00e1rroco en el corregimiento de Santa Ana"},"content":{"rendered":"<p style=\"text-align: justify;\">A partir del 26 de diciembre, posterior a la ceremonia de posesi\u00f3n, ser\u00e1 el nuevo gu\u00eda y pastor de la Parroquia Santa Ana en el corregimiento de Santa Ana, Granada.<\/p>\n<p style=\"text-align: justify;\">Durante los cuatro a\u00f1os de su labor como vicario pastoral en Granada, el padre Fernando se destac\u00f3 por su carisma y cercan\u00eda con la poblaci\u00f3n, aport\u00f3 su dinamismo en la pastoral infantil, juvenil y familiar.<\/p>\n<p style=\"text-align: justify;\"><img loading=\"lazy\" decoding=\"async\" src=\"images\/Padre_Fernando_prroco_Santa_Ana.jpg\" alt=\"\" width=\"750\" height=\"439\" \/><\/p>\n<p style=\"text-align: justify;\">Ahora tendr\u00e1 un reto especial, puesto que asume como p\u00e1rroco en el corregimiento de Santa Ana y sus doce veredas, siendo el gu\u00eda de esta comunidad que cada d\u00eda se fortalece despu\u00e9s de los duros tiempo del conflicto armado.<\/p>\n<p style=\"text-align: justify;\">Al padre Fernando le extendemos nuestra gratitud por su apoyo durante estos cuatro a\u00f1os. Gracias por ser ese pastor bueno que supo guiar al pueblo granadino y acercarlo a Dios, y le auguramos una labor fecunda en la comunidad de Santa Ana.<\/p>\n","protected":false},"excerpt":{"rendered":"<p style=\"text-align: justify;\">El padre Fernando Monsalve Salazar, quien lleg\u00f3 a Granada a prestar sus servicios pastorales en el a\u00f1o 2019, ha sido trasladado por Monse\u00f1or Fidel Le\u00f3n Cadavid por medio del decreto N\u00b0041 emitido este lunes 12 de diciembre.<\/p>\n","protected":false},"author":1,"featured_media":0,"comment_status":"open","ping_status":"open","sticky":false,"template":"","format":"standard","meta":{"footnotes":""},"categories":[19],"tags":[],"class_list":["post-601","post","type-post","status-publish","format-standard","hentry","category-noticias"],"_links":{"self":[{"href":"https:\/\/www.desdegranada.com\/site\/index.php?rest_route=\/wp\/v2\/posts\/601","targetHints":{"allow":["GET"]}}],"collection":[{"href":"https:\/\/www.desdegranada.com\/site\/index.php?rest_route=\/wp\/v2\/posts"}],"about":[{"href":"https:\/\/www.desdegranada.com\/site\/index.php?rest_route=\/wp\/v2\/types\/post"}],"author":[{"embeddable":true,"href":"https:\/\/www.desdegranada.com\/site\/index.php?rest_route=\/wp\/v2\/users\/1"}],"replies":[{"embeddable":true,"href":"https:\/\/www.desdegranada.com\/site\/index.php?rest_route=%2Fwp%2Fv2%2Fcomments&post=601"}],"version-history":[{"count":0,"href":"https:\/\/www.desdegranada.com\/site\/index.php?rest_route=\/wp\/v2\/posts\/601\/revisions"}],"wp:attachment":[{"href":"https:\/\/www.desdegranada.com\/site\/index.php?rest_route=%2Fwp%2Fv2%2Fmedia&parent=601"}],"wp:term":[{"taxonomy":"category","embeddable":true,"href":"https:\/\/www.desdegranada.com\/site\/index.php?rest_route=%2Fwp%2Fv2%2Fcategories&post=601"},{"taxonomy":"post_tag","embeddable":true,"href":"https:\/\/www.desdegranada.com\/site\/index.php?rest_route=%2Fwp%2Fv2%2Ftags&post=601"}],"curies":[{"name":"wp","href":"https:\/\/api.w.org\/{rel}","templated":true}]}}