{"id":602,"date":"2022-12-16T22:17:34","date_gmt":"2022-12-16T22:17:34","guid":{"rendered":"https:\/\/www.desdegranada.com\/site\/?p=602"},"modified":"2022-12-16T22:17:34","modified_gmt":"2022-12-16T22:17:34","slug":"crecer-granada-recibira-incentivo-del-proyecto-antojate-de-antioquia-para-fortalecer-la-organizacion","status":"publish","type":"post","link":"https:\/\/www.desdegranada.com\/site\/?p=602","title":{"rendered":"Crecer Granada recibir\u00e1 incentivo del proyecto &#8216;Ant\u00f3jate de Antioquia&#8217; para fortalecer la organizaci\u00f3n"},"content":{"rendered":"<p style=\"text-align: justify;\">En la categor\u00eda oportunidades para todos, la Cooperativa Multiactiva Crecer Granada fue una de las empresas ganadoras en la gala que tuvo lugar este 15 de diciembre, esto luego superar varios filtros y quedar en la lista final de 200 empresas seleccionadas entre m\u00e1s de mil postuladas.<\/p>\n<p style=\"text-align: justify;\"><img loading=\"lazy\" decoding=\"async\" src=\"images\/Crecer_antojate_2.jpg\" width=\"750\" height=\"439\" \/><\/p>\n<p style=\"text-align: justify;\">Crecer recibir\u00e1 un incentivo econ\u00f3mico de 10 millones de pesos que se invertir\u00e1n principalmente en visibilizar la cooperativa y sus servicios, adem\u00e1s de proyectar los negocios de los asociados.<\/p>\n<p style=\"text-align: justify;\">\u201cLa idea es hacer una especie de brochure donde est\u00e9n categorizados todos los negocios de los asociados; es decir, en el libro usted va a encontrar informaci\u00f3n de la cooperativa, del municipio de Granada y a su vez informaci\u00f3n de los asociados, la fotico del negocio, qu\u00e9 ofrece, si tiene redes sociales, y la direcci\u00f3n y el tel\u00e9fono para que puedan potenciarse\u201d, explic\u00f3 Gladys Casta\u00f1o, encargada de proyectos y log\u00edstica de la cooperativa.<\/p>\n<p style=\"text-align: justify;\"><img loading=\"lazy\" decoding=\"async\" src=\"images\/Crecer_antojate_4.jpg\" width=\"750\" height=\"439\" \/><\/p>\n<p style=\"text-align: justify;\">\u00a0Con 25 a\u00f1os reci\u00e9n cumplidos, la cooperativa Crecer proyecta dentro de su quehacer hacia el a\u00f1o 2023, seguir representando de la mejor manera a sus asociados y proyectando la marca <strong><em>Granada<\/em><\/strong>, y de esta manera tambi\u00e9n avanzar en su prop\u00f3sito fundamental de beneficiar el comercio local.<\/p>\n<p style=\"text-align: justify;\"><img loading=\"lazy\" decoding=\"async\" src=\"images\/Crecer_antojate_3.jpg\" alt=\"\" width=\"750\" height=\"439\" \/><\/p>\n<p style=\"text-align: justify;\">Junto a las localidades de Alejandr\u00eda, Angel\u00f3polis, La Pintada, Maceo y Angostura, una empresa granadina result\u00f3 ganadora de los incentivos de esta estrategia por primera vez.<\/p>\n","protected":false},"excerpt":{"rendered":"<p style=\"text-align: justify;\">\u2018Ant\u00f3jate de Antioquia\u2019 es una estrategia de la Secretar\u00eda de Productividad y Competitividad de la Gobernaci\u00f3n de Antioquia, que busca fortalecer la productividad, la comercializaci\u00f3n y la innovaci\u00f3n en productos y servicios de las empresas del departamento.<\/p>\n","protected":false},"author":1,"featured_media":0,"comment_status":"open","ping_status":"open","sticky":false,"template":"","format":"standard","meta":{"footnotes":""},"categories":[19],"tags":[],"class_list":["post-602","post","type-post","status-publish","format-standard","hentry","category-noticias"],"_links":{"self":[{"href":"https:\/\/www.desdegranada.com\/site\/index.php?rest_route=\/wp\/v2\/posts\/602","targetHints":{"allow":["GET"]}}],"collection":[{"href":"https:\/\/www.desdegranada.com\/site\/index.php?rest_route=\/wp\/v2\/posts"}],"about":[{"href":"https:\/\/www.desdegranada.com\/site\/index.php?rest_route=\/wp\/v2\/types\/post"}],"author":[{"embeddable":true,"href":"https:\/\/www.desdegranada.com\/site\/index.php?rest_route=\/wp\/v2\/users\/1"}],"replies":[{"embeddable":true,"href":"https:\/\/www.desdegranada.com\/site\/index.php?rest_route=%2Fwp%2Fv2%2Fcomments&post=602"}],"version-history":[{"count":0,"href":"https:\/\/www.desdegranada.com\/site\/index.php?rest_route=\/wp\/v2\/posts\/602\/revisions"}],"wp:attachment":[{"href":"https:\/\/www.desdegranada.com\/site\/index.php?rest_route=%2Fwp%2Fv2%2Fmedia&parent=602"}],"wp:term":[{"taxonomy":"category","embeddable":true,"href":"https:\/\/www.desdegranada.com\/site\/index.php?rest_route=%2Fwp%2Fv2%2Fcategories&post=602"},{"taxonomy":"post_tag","embeddable":true,"href":"https:\/\/www.desdegranada.com\/site\/index.php?rest_route=%2Fwp%2Fv2%2Ftags&post=602"}],"curies":[{"name":"wp","href":"https:\/\/api.w.org\/{rel}","templated":true}]}}