{"id":603,"date":"2023-01-02T23:03:17","date_gmt":"2023-01-02T23:03:17","guid":{"rendered":"https:\/\/www.desdegranada.com\/site\/?p=603"},"modified":"2023-01-02T23:03:17","modified_gmt":"2023-01-02T23:03:17","slug":"nuevo-parroco-asumio-y-recorrio-las-calles-del-municipio-saludando-a-la-comunidad","status":"publish","type":"post","link":"https:\/\/www.desdegranada.com\/site\/?p=603","title":{"rendered":"Nuevo p\u00e1rroco asumi\u00f3 y recorri\u00f3 las calles del municipio saludando a la comunidad"},"content":{"rendered":"<p style=\"text-align: justify;\">En sus palabras de bienvenida, el mandatario de los granadinos, Freddy Casta\u00f1o Aristiz\u00e1bal, manifest\u00f3 tambi\u00e9n su respaldo y apoyo al nuevo p\u00e1rroco en su quehacer pastoral, \u201clo recibimos con mucho cari\u00f1o, con mucho amor. Siempre cuenten tambi\u00e9n con la administraci\u00f3n municipal como un gran aliado para que nuestro municipio, en compa\u00f1\u00eda con ustedes, salga adelante\u201d.<\/p>\n<p style=\"text-align: justify;\"><img loading=\"lazy\" decoding=\"async\" src=\"images\/Presentacin_nuevo_prroco_1.jpg\" alt=\"\" width=\"750\" height=\"439\" \/><\/p>\n<p style=\"text-align: justify;\">Por parte del equipo sacerdotal, el padre Nelson Dar\u00edo Ballesteros fue el elegido para dar la bienvenida al nuevo pastor, \u201caqu\u00ed no encuentra sino paz, amor, ternura. De manera que bienvenido. Ojal\u00e1 que podamos dar a la comunidad lo que ellos desean para que compartamos juntos las bendiciones de Dios, esas gracias que Dios ha depositado en cada uno de nosotros\u201d.<\/p>\n<p style=\"text-align: justify;\">Finalmente, el nuevo p\u00e1rroco se dirigi\u00f3 a su feligres\u00eda y equipo de trabajo \u201cverdaderamente deseo que podamos llevar en alto las banderas de la fe, trabajando siempre y ante todo por la promoci\u00f3n humana integral desde la perspectiva de la santidad y el deseo de superaci\u00f3n propia y comunitaria\u201d.<\/p>\n<p style=\"text-align: justify;\"><img loading=\"lazy\" decoding=\"async\" src=\"images\/Presentacin_nuevo_prroco_2.jpg\" alt=\"\" width=\"750\" height=\"439\" \/><\/p>\n<p style=\"text-align: justify;\">Posterior a la eucarist\u00eda de presentaci\u00f3n, en un gesto de cercan\u00eda con su nueva comunidad, el Padre Benancio recorri\u00f3 las principales calles de la localidad saludando y bendiciendo a las personas a su paso, como al comercio del municipio.<\/p>\n<p style=\"text-align: justify;\">Al padre Benancio le deseamos muchos \u00e9xitos en este reto pastoral y que junto a la comunidad sean muchos los frutos que se cosechen tanto en el campo de la fe como social.<\/p>\n","protected":false},"excerpt":{"rendered":"<p style=\"text-align: justify;\">El domingo 1 de enero, en la eucarist\u00eda de las 10:00a.m. fue presentado ante la comunidad granadina el Presb\u00edtero Benancio de Jes\u00fas Ochoa, quien asumi\u00f3 de manera oficial como nuevo p\u00e1rroco de la Parroquia Santa B\u00e1rbara.<\/p>\n","protected":false},"author":1,"featured_media":0,"comment_status":"open","ping_status":"open","sticky":false,"template":"","format":"standard","meta":{"footnotes":""},"categories":[19],"tags":[],"class_list":["post-603","post","type-post","status-publish","format-standard","hentry","category-noticias"],"_links":{"self":[{"href":"https:\/\/www.desdegranada.com\/site\/index.php?rest_route=\/wp\/v2\/posts\/603","targetHints":{"allow":["GET"]}}],"collection":[{"href":"https:\/\/www.desdegranada.com\/site\/index.php?rest_route=\/wp\/v2\/posts"}],"about":[{"href":"https:\/\/www.desdegranada.com\/site\/index.php?rest_route=\/wp\/v2\/types\/post"}],"author":[{"embeddable":true,"href":"https:\/\/www.desdegranada.com\/site\/index.php?rest_route=\/wp\/v2\/users\/1"}],"replies":[{"embeddable":true,"href":"https:\/\/www.desdegranada.com\/site\/index.php?rest_route=%2Fwp%2Fv2%2Fcomments&post=603"}],"version-history":[{"count":0,"href":"https:\/\/www.desdegranada.com\/site\/index.php?rest_route=\/wp\/v2\/posts\/603\/revisions"}],"wp:attachment":[{"href":"https:\/\/www.desdegranada.com\/site\/index.php?rest_route=%2Fwp%2Fv2%2Fmedia&parent=603"}],"wp:term":[{"taxonomy":"category","embeddable":true,"href":"https:\/\/www.desdegranada.com\/site\/index.php?rest_route=%2Fwp%2Fv2%2Fcategories&post=603"},{"taxonomy":"post_tag","embeddable":true,"href":"https:\/\/www.desdegranada.com\/site\/index.php?rest_route=%2Fwp%2Fv2%2Ftags&post=603"}],"curies":[{"name":"wp","href":"https:\/\/api.w.org\/{rel}","templated":true}]}}