{"id":607,"date":"2023-01-21T20:57:40","date_gmt":"2023-01-21T20:57:40","guid":{"rendered":"https:\/\/www.desdegranada.com\/site\/?p=607"},"modified":"2023-01-21T20:57:40","modified_gmt":"2023-01-21T20:57:40","slug":"varias-vias-terciarias-de-granada-se-estan-mejorando-con-placa-huella-y-pavimento-rigido","status":"publish","type":"post","link":"https:\/\/www.desdegranada.com\/site\/?p=607","title":{"rendered":"Varias v\u00edas terciarias de Granada se est\u00e1n mejorando con placa huella y pavimento r\u00edgido"},"content":{"rendered":"<p style=\"text-align: justify;\">Sin embargo, la amplia red vial terciaria con que cuenta Granada en este caso, tambi\u00e9n hace dif\u00edcil que puedan intervenirse a la vez cada una de las v\u00edas, lo que obliga al gobierno local a priorizar el desarrollo de obras en una zona u otra.<\/p>\n<p style=\"text-align: justify;\">Actualmente se vienen desarrollando proyectos de mejoramiento de varios tramos de v\u00edas terciarias en las veredas El Oso, el ingreso a Las Palmas y Tafetanes.<\/p>\n<p style=\"text-align: justify;\"><img loading=\"lazy\" decoding=\"async\" src=\"images\/Va_El_Oso_y_Cruces_1.png\" alt=\"\" width=\"750\" height=\"439\" \/><\/p>\n<p style=\"text-align: justify;\">Desde la vereda El Oso y hasta el sector conocido como Cruces, se viene adelantando la construcci\u00f3n de 1.200 metros de placa huella, obra que reducir\u00e1 el tiemplo de desplazamiento hasta el corregimiento de Santa Ana. Los trabajos avanzan entre un 75 y un 80 % y tienen una inversi\u00f3n de m\u00e1s de 1.700 millones, recursos provenientes del empr\u00e9stito aprobado por el concejo municipal y otros aportados por la Gobernaci\u00f3n de Antioquia. Tras la ejecuci\u00f3n de esta obra, quedar\u00edan restando un aproximado de 6.5 kil\u00f3metros de v\u00eda por intervenir para conectar con pavimento la v\u00eda Granada-San Calos con el casco urbano de Santa Ana.<\/p>\n<p style=\"text-align: justify;\"><img loading=\"lazy\" decoding=\"async\" src=\"images\/Va_El_Oso_y_Cruces_3.png\" alt=\"\" width=\"750\" height=\"439\" \/><\/p>\n<p style=\"text-align: justify;\">En el acceso hacia la vereda Las Palmas, se lleva a cabo la construcci\u00f3n de 200 metros de pavimento r\u00edgido con recursos provenientes del Sistema General de Regal\u00edas del nivel regional. Esta longitud se suma a los 700 metros que se vienen interviniendo en la vereda Tafetanes con este mismo sistema.<\/p>\n<p style=\"text-align: justify;\"><img loading=\"lazy\" decoding=\"async\" src=\"images\/Va_El_Oso_y_Cruces_2.png\" alt=\"\" width=\"750\" height=\"439\" \/><\/p>\n<p style=\"text-align: justify;\">Son as\u00ed varios los frentes de trabajo que se tienen en el municipio con la idea de mejorar las condiciones de transitabilidad y de llevar desarrollo a las comunidades.<\/p>\n","protected":false},"excerpt":{"rendered":"<p style=\"text-align: justify;\">Es indudable que las v\u00edas en buen estado contribuyen a mejorar la calidad de vida de la poblaci\u00f3n campesina, m\u00e1s a\u00fan cuando las intervenciones se realizan con sistemas que las hacen perdurables en el tiempo como el asfalto, placa huella o pavimento r\u00edgido.<\/p>\n","protected":false},"author":1,"featured_media":0,"comment_status":"open","ping_status":"open","sticky":false,"template":"","format":"standard","meta":{"footnotes":""},"categories":[19],"tags":[],"class_list":["post-607","post","type-post","status-publish","format-standard","hentry","category-noticias"],"_links":{"self":[{"href":"https:\/\/www.desdegranada.com\/site\/index.php?rest_route=\/wp\/v2\/posts\/607","targetHints":{"allow":["GET"]}}],"collection":[{"href":"https:\/\/www.desdegranada.com\/site\/index.php?rest_route=\/wp\/v2\/posts"}],"about":[{"href":"https:\/\/www.desdegranada.com\/site\/index.php?rest_route=\/wp\/v2\/types\/post"}],"author":[{"embeddable":true,"href":"https:\/\/www.desdegranada.com\/site\/index.php?rest_route=\/wp\/v2\/users\/1"}],"replies":[{"embeddable":true,"href":"https:\/\/www.desdegranada.com\/site\/index.php?rest_route=%2Fwp%2Fv2%2Fcomments&post=607"}],"version-history":[{"count":0,"href":"https:\/\/www.desdegranada.com\/site\/index.php?rest_route=\/wp\/v2\/posts\/607\/revisions"}],"wp:attachment":[{"href":"https:\/\/www.desdegranada.com\/site\/index.php?rest_route=%2Fwp%2Fv2%2Fmedia&parent=607"}],"wp:term":[{"taxonomy":"category","embeddable":true,"href":"https:\/\/www.desdegranada.com\/site\/index.php?rest_route=%2Fwp%2Fv2%2Fcategories&post=607"},{"taxonomy":"post_tag","embeddable":true,"href":"https:\/\/www.desdegranada.com\/site\/index.php?rest_route=%2Fwp%2Fv2%2Ftags&post=607"}],"curies":[{"name":"wp","href":"https:\/\/api.w.org\/{rel}","templated":true}]}}