{"id":608,"date":"2023-01-24T14:57:32","date_gmt":"2023-01-24T14:57:32","guid":{"rendered":"https:\/\/www.desdegranada.com\/site\/?p=608"},"modified":"2023-01-24T14:57:32","modified_gmt":"2023-01-24T14:57:32","slug":"vuelven-al-gran-plaza-los-mercados-campesinos-de-granada-con-amor","status":"publish","type":"post","link":"https:\/\/www.desdegranada.com\/site\/?p=608","title":{"rendered":"Vuelven al Gran Plaza los mercados campesinos \u2018De Granada con amor\u2019"},"content":{"rendered":"<p style=\"text-align: justify;\">Desde granos y legumbres, hasta vinos, postres y artesan\u00edas, adem\u00e1s de una amplia oferta de productos frescos cosechados y transformados por manos granadinas, volver\u00e1n a estar disponibles cada primer s\u00e1bado de mes en el Centro Comercial Gran Plaza, posibilitando a los compradores hacer un buen mercado y a los campesinos vender a mejores precios.<\/p>\n<p style=\"text-align: justify;\"><img loading=\"lazy\" decoding=\"async\" src=\"images\/Mercados_campesinos_Gran_Plaza.jpg\" alt=\"\" width=\"750\" height=\"439\" \/><\/p>\n<p style=\"text-align: justify;\">Durante 2022 se realizaron alrededor de 13 mercados que beneficiaron a entre 28 y 30 productores y emprendedores en cada una de las jornadas, y este a\u00f1o, nuevamente con el apoyo de las directivas del Gran Plaza y de comerciantes granadinos, se le apuesta a seguir mejorando la econom\u00eda de muchas familias a trav\u00e9s de esta din\u00e1mica de mercados campesinos.<\/p>\n","protected":false},"excerpt":{"rendered":"<p style=\"text-align: justify;\">Este s\u00e1bado 4 de febrero se reactivan los mercados campesinos \u2018De Granada con Amor\u2019, un ejercicio promovido por paisanos radicados en la ciudad de Medell\u00edn que tiene como fin generar un espacio de comercio justo, en el que los consumidores compren los productos directamente a los campesinos y emprendedores, rompiendo as\u00ed con la cadena de intermediarios.<\/p>\n","protected":false},"author":1,"featured_media":0,"comment_status":"open","ping_status":"open","sticky":false,"template":"","format":"standard","meta":{"footnotes":""},"categories":[19],"tags":[],"class_list":["post-608","post","type-post","status-publish","format-standard","hentry","category-noticias"],"_links":{"self":[{"href":"https:\/\/www.desdegranada.com\/site\/index.php?rest_route=\/wp\/v2\/posts\/608","targetHints":{"allow":["GET"]}}],"collection":[{"href":"https:\/\/www.desdegranada.com\/site\/index.php?rest_route=\/wp\/v2\/posts"}],"about":[{"href":"https:\/\/www.desdegranada.com\/site\/index.php?rest_route=\/wp\/v2\/types\/post"}],"author":[{"embeddable":true,"href":"https:\/\/www.desdegranada.com\/site\/index.php?rest_route=\/wp\/v2\/users\/1"}],"replies":[{"embeddable":true,"href":"https:\/\/www.desdegranada.com\/site\/index.php?rest_route=%2Fwp%2Fv2%2Fcomments&post=608"}],"version-history":[{"count":0,"href":"https:\/\/www.desdegranada.com\/site\/index.php?rest_route=\/wp\/v2\/posts\/608\/revisions"}],"wp:attachment":[{"href":"https:\/\/www.desdegranada.com\/site\/index.php?rest_route=%2Fwp%2Fv2%2Fmedia&parent=608"}],"wp:term":[{"taxonomy":"category","embeddable":true,"href":"https:\/\/www.desdegranada.com\/site\/index.php?rest_route=%2Fwp%2Fv2%2Fcategories&post=608"},{"taxonomy":"post_tag","embeddable":true,"href":"https:\/\/www.desdegranada.com\/site\/index.php?rest_route=%2Fwp%2Fv2%2Ftags&post=608"}],"curies":[{"name":"wp","href":"https:\/\/api.w.org\/{rel}","templated":true}]}}