{"id":609,"date":"2023-01-31T22:38:44","date_gmt":"2023-01-31T22:38:44","guid":{"rendered":"https:\/\/www.desdegranada.com\/site\/?p=609"},"modified":"2023-01-31T22:38:44","modified_gmt":"2023-01-31T22:38:44","slug":"comunidad-e-instituciones-celebraron-los-216-anos-de-vida-municipal-de-granada","status":"publish","type":"post","link":"https:\/\/www.desdegranada.com\/site\/?p=609","title":{"rendered":"Comunidad e instituciones celebraron los 216 a\u00f1os de vida municipal de Granada"},"content":{"rendered":"<p style=\"text-align: justify;\">En primer lugar, se tuvo la eucarist\u00eda, que fue presidida por el presb\u00edtero Benancio Ochoa, p\u00e1rroco del municipio, y quien en su homil\u00eda destac\u00f3 los principales valores del granadino, pero sobre todo la religiosidad que desde el inicio de su historia ha caracterizado a los pobladores del municipio.<\/p>\n<p style=\"text-align: justify;\"><img loading=\"lazy\" decoding=\"async\" src=\"images\/216_aos_Granada.jpg\" alt=\"\" width=\"750\" height=\"439\" \/><\/p>\n<p style=\"text-align: justify;\">Luego, en el atrio parroquial, se tuvo un peque\u00f1o acto, en el que, el mandatario local, Freddy Casta\u00f1o Aristiz\u00e1bal, resalt\u00f3 la importancia de esta fecha para todos los granadinos y el aporte que cada uno desde su quehacer ha hecho para construir la historia de esta comunidad.<\/p>\n<p style=\"text-align: justify;\">Al final, haciendo m\u00e1s evidente el momento de celebraci\u00f3n, los asistentes compartieron una porci\u00f3n de torta y cantaron el cumplea\u00f1os al municipio de Granada.<\/p>\n","protected":false},"excerpt":{"rendered":"<p style=\"text-align: justify;\">Con esp\u00edritu patrio y sentido de pertenencia, un importante n\u00famero de granadinos y representaci\u00f3n de las instituciones locales asistieron al acto de celebraci\u00f3n de los 216 a\u00f1os de vida municipal de Granada que tuvo lugar este 31 de enero en el parque principal.<\/p>\n","protected":false},"author":1,"featured_media":0,"comment_status":"open","ping_status":"open","sticky":false,"template":"","format":"standard","meta":{"footnotes":""},"categories":[19],"tags":[],"class_list":["post-609","post","type-post","status-publish","format-standard","hentry","category-noticias"],"_links":{"self":[{"href":"https:\/\/www.desdegranada.com\/site\/index.php?rest_route=\/wp\/v2\/posts\/609","targetHints":{"allow":["GET"]}}],"collection":[{"href":"https:\/\/www.desdegranada.com\/site\/index.php?rest_route=\/wp\/v2\/posts"}],"about":[{"href":"https:\/\/www.desdegranada.com\/site\/index.php?rest_route=\/wp\/v2\/types\/post"}],"author":[{"embeddable":true,"href":"https:\/\/www.desdegranada.com\/site\/index.php?rest_route=\/wp\/v2\/users\/1"}],"replies":[{"embeddable":true,"href":"https:\/\/www.desdegranada.com\/site\/index.php?rest_route=%2Fwp%2Fv2%2Fcomments&post=609"}],"version-history":[{"count":0,"href":"https:\/\/www.desdegranada.com\/site\/index.php?rest_route=\/wp\/v2\/posts\/609\/revisions"}],"wp:attachment":[{"href":"https:\/\/www.desdegranada.com\/site\/index.php?rest_route=%2Fwp%2Fv2%2Fmedia&parent=609"}],"wp:term":[{"taxonomy":"category","embeddable":true,"href":"https:\/\/www.desdegranada.com\/site\/index.php?rest_route=%2Fwp%2Fv2%2Fcategories&post=609"},{"taxonomy":"post_tag","embeddable":true,"href":"https:\/\/www.desdegranada.com\/site\/index.php?rest_route=%2Fwp%2Fv2%2Ftags&post=609"}],"curies":[{"name":"wp","href":"https:\/\/api.w.org\/{rel}","templated":true}]}}