{"id":610,"date":"2023-02-04T22:50:21","date_gmt":"2023-02-04T22:50:21","guid":{"rendered":"https:\/\/www.desdegranada.com\/site\/?p=610"},"modified":"2023-02-04T22:50:21","modified_gmt":"2023-02-04T22:50:21","slug":"coogranada-festejo-seis-decadas-aportandole-al-desarrollo-de-las-comunidades","status":"publish","type":"post","link":"https:\/\/www.desdegranada.com\/site\/?p=610","title":{"rendered":"Coogranada festej\u00f3 seis d\u00e9cadas aport\u00e1ndole al desarrollo de las comunidades."},"content":{"rendered":"<p style=\"text-align: justify;\">\u00a0Los asociados manifestaron su gratitud y sus buenos deseos para la que es su cooperativa en este cumplea\u00f1os n\u00famero 60. \u201cTenemos una entidad muy s\u00f3lida, que trabaja cada d\u00eda por el cooperativismo, y la invitaci\u00f3n para que sigamos fortaleciendo el cooperativismo porque son el motor que desarrolla nuestra comunidad\u201d, expres\u00f3 Esneider Giraldo.<\/p>\n<p style=\"text-align: justify;\"><img loading=\"lazy\" decoding=\"async\" src=\"images\/60_aos_Coogranada.jpg\" alt=\"\" width=\"750\" height=\"439\" \/><\/p>\n<p style=\"text-align: justify;\">Consuelo Giraldo se uni\u00f3 a la celebraci\u00f3n manifestando: \u201cfeliz cumplea\u00f1os Coogranada, le agradezco porque he tenido muchos beneficios y espero que siga cumpliendo muchos a\u00f1os m\u00e1s\u201d. Otros mensajes de felicitaci\u00f3n por parte de los asociados, quedaron plasmados en el mural dispuesto para ello en la oficina principal de la \u00a0cooperativa.<\/p>\n<p style=\"text-align: justify;\">A lo largo de estos 60 a\u00f1os de vida institucional, Coogranada ha logrado posicionarse como una de las cooperativas m\u00e1s importantes y reconocidas en todo el pa\u00eds gracias al impacto social y econ\u00f3mico que genera con su trabajo en cada una de las regiones.<\/p>\n","protected":false},"excerpt":{"rendered":"<p style=\"text-align: justify;\">Este 4 de febrero la cooperativa Coogranada celebr\u00f3 6 d\u00e9cadas llevando la bandera del cooperativismo a todo el territorio nacional. Una fecha para recordar a los 44 fundadores que le dieron vida a esta instituci\u00f3n, idea que se ha consolidado gracias al trabajo asociativo que ha permitido llevar desarrollo a las comunidades en donde hoy est\u00e1 presente.<\/p>\n","protected":false},"author":1,"featured_media":0,"comment_status":"open","ping_status":"open","sticky":false,"template":"","format":"standard","meta":{"footnotes":""},"categories":[19],"tags":[],"class_list":["post-610","post","type-post","status-publish","format-standard","hentry","category-noticias"],"_links":{"self":[{"href":"https:\/\/www.desdegranada.com\/site\/index.php?rest_route=\/wp\/v2\/posts\/610","targetHints":{"allow":["GET"]}}],"collection":[{"href":"https:\/\/www.desdegranada.com\/site\/index.php?rest_route=\/wp\/v2\/posts"}],"about":[{"href":"https:\/\/www.desdegranada.com\/site\/index.php?rest_route=\/wp\/v2\/types\/post"}],"author":[{"embeddable":true,"href":"https:\/\/www.desdegranada.com\/site\/index.php?rest_route=\/wp\/v2\/users\/1"}],"replies":[{"embeddable":true,"href":"https:\/\/www.desdegranada.com\/site\/index.php?rest_route=%2Fwp%2Fv2%2Fcomments&post=610"}],"version-history":[{"count":0,"href":"https:\/\/www.desdegranada.com\/site\/index.php?rest_route=\/wp\/v2\/posts\/610\/revisions"}],"wp:attachment":[{"href":"https:\/\/www.desdegranada.com\/site\/index.php?rest_route=%2Fwp%2Fv2%2Fmedia&parent=610"}],"wp:term":[{"taxonomy":"category","embeddable":true,"href":"https:\/\/www.desdegranada.com\/site\/index.php?rest_route=%2Fwp%2Fv2%2Fcategories&post=610"},{"taxonomy":"post_tag","embeddable":true,"href":"https:\/\/www.desdegranada.com\/site\/index.php?rest_route=%2Fwp%2Fv2%2Ftags&post=610"}],"curies":[{"name":"wp","href":"https:\/\/api.w.org\/{rel}","templated":true}]}}