{"id":611,"date":"2023-02-06T14:50:46","date_gmt":"2023-02-06T14:50:46","guid":{"rendered":"https:\/\/www.desdegranada.com\/site\/?p=611"},"modified":"2023-02-06T14:50:46","modified_gmt":"2023-02-06T14:50:46","slug":"rodrigo-garcia-el-jilguero-del-oriente","status":"publish","type":"post","link":"https:\/\/www.desdegranada.com\/site\/?p=611","title":{"rendered":"Rodrigo Garc\u00eda El Jilguero del Oriente"},"content":{"rendered":"<p style=\"text-align: justify;\">Por: <em><strong>Emerson Vergara.<\/strong><\/em><\/p>\n<p style=\"text-align: justify;\">Su infancia la vivi\u00f3 en el campo, con una familia unida y humilde, donde a pesar del trabajo duro, se le inculcaron buenos valores como ser humano.<\/p>\n<p style=\"text-align: justify;\">Entre risas nos cuenta sobre su estudio vivido en el mismo corregimiento. \u201cMi estudio fue poco no por mal estudiante, ni por desaplicado\u201d, como mayor de los hijos hombres, se retir\u00f3 de tercer grado escolar para ayudar a su familia a salir adelante. \u201cDoy gracias a Dios porque desde peque\u00f1o pude hacer un aporte a mi familia\u201d.<\/p>\n<p style=\"text-align: justify;\"><img loading=\"lazy\" decoding=\"async\" src=\"images\/Rodrigo_El_Jilguero_1.jpg\" width=\"750\" height=\"439\" \/><\/p>\n<p style=\"text-align: justify;\">Desde muy peque\u00f1o, demostr\u00f3 mucho inter\u00e9s por la m\u00fasica a pesar de su timidez.\u00a0 Despu\u00e9s de un tiempo, y como muchos paisanos, se desplaz\u00f3 a la ciudad por culpa de la violencia y all\u00ed se desempe\u00f1\u00f3 en varios trabajos, entre ellos el transporte p\u00fablico, donde recuerda que un d\u00eda transport\u00f3 unos m\u00fasicos cerca a la 70 con San Juan, zona c\u00e9ntrica en la ciudad de Medell\u00edn, y posteriormente recogi\u00f3 una pareja. Al momento de tratar de quitar el seguro de la puerta, se da cuenta que llevaba una guitarra con su respectivo estuche. \u201cObvio es de los m\u00fasicos que acab\u00e9 de llevar\u00bb, reflexion\u00f3 para s\u00ed mismo. Llev\u00f3 a la pareja a su destino y regreso con guitarra en mano a donde en un principio hab\u00eda dejado a los mencionados m\u00fasicos, para devolverles su apreciado instrumento. Desde ah\u00ed, se volvi\u00f3 amigo de los mismos y cuando ten\u00edan que movilizarse en la ciudad para diferentes presentaciones, le hac\u00edan el llamado a Rodrigo para que lo hiciera. Lo cuenta como su primera experiencia con la m\u00fasica, aunque no fue tan musical.<\/p>\n<p style=\"text-align: justify;\"><img loading=\"lazy\" decoding=\"async\" src=\"images\/Rodrigo_El_Jilguero_2.jpg\" alt=\"\" width=\"750\" height=\"439\" \/><\/p>\n<p style=\"text-align: justify;\">Entre trasportar los m\u00fasicos y ensayos de los mismos, notaron el talento que Rodrigo ten\u00eda, tanto as\u00ed que lo invitaban solo para que interpretara apartes de las canciones y al ver su afinaci\u00f3n le dec\u00edan, Rodrigo \u00bfusted alguna vez ha cantado?, a lo que el respond\u00eda entre risas: \u201cclaro que si en el ba\u00f1o\u201d\u2026 Y as\u00ed se crey\u00f3 el cuento en la m\u00fasica.<\/p>\n<p style=\"text-align: justify;\">Con muchos tropiezos armo su show. Con solo 5 canciones montadas tuvo la oportunidad de presentarse en una tarima, donde fue tanta la acogida por el p\u00fablico que quer\u00edan seguir escuch\u00e1ndolo.<\/p>\n<p style=\"text-align: justify;\">Con 20 a\u00f1os en la m\u00fasica, tiene 63 temas de su autor\u00eda, con aporte igual de su familia, pues su esposa tambi\u00e9n escribe.<\/p>\n<p style=\"text-align: justify;\">Canciones populares como vivan sus vidas y mi amigo el licor, y parranderas como le doy pa lo diario y voliando dedo, son de sus temas m\u00e1s reconocidos, pues desde grandes hasta chicos las corean en sus presentaciones.<\/p>\n<p style=\"text-align: justify;\"><img loading=\"lazy\" decoding=\"async\" src=\"images\/Rodrigo_El_Jilguero_3.jpg\" alt=\"\" width=\"750\" height=\"439\" \/><\/p>\n<p style=\"text-align: justify;\">Su marca \u2018El Jilguero del Oriente\u2019 lo lleva porque un animador en un evento en el que se present\u00f3 lo llamo as\u00ed y, desde eso momento, lo adopt\u00f3 como nombre art\u00edstico.<\/p>\n<p style=\"text-align: justify;\">Su vida trascurre entre el comercio y la m\u00fasica, ayuda a su esposa en una marca de pijamas llamada \u201cCelinda\u201d.<\/p>\n<p style=\"text-align: justify;\">El es Rodrigo Garc\u00eda un granadino que como muchos, con\u00a0 esfuerzo y perseverancia trata de salir adelante en la m\u00fasica.<\/p>\n<p>\u00a0<\/p>\n<p>\u00a0<\/p>\n","protected":false},"excerpt":{"rendered":"<p style=\"text-align: justify;\">En la vereda Buenavista, en el corregimiento de Santa Ana nace Rodrigo Garc\u00eda, artista de m\u00fasica popular, hijo de don Carlos Emilio Garc\u00eda y Florentina Guar\u00edn, conocidos como los Toro, apodo que ganaron por su abuela do\u00f1a Barbara Rosa Toro.<\/p>\n","protected":false},"author":1,"featured_media":0,"comment_status":"open","ping_status":"open","sticky":false,"template":"","format":"standard","meta":{"footnotes":""},"categories":[20],"tags":[],"class_list":["post-611","post","type-post","status-publish","format-standard","hentry","category-columnistas"],"_links":{"self":[{"href":"https:\/\/www.desdegranada.com\/site\/index.php?rest_route=\/wp\/v2\/posts\/611","targetHints":{"allow":["GET"]}}],"collection":[{"href":"https:\/\/www.desdegranada.com\/site\/index.php?rest_route=\/wp\/v2\/posts"}],"about":[{"href":"https:\/\/www.desdegranada.com\/site\/index.php?rest_route=\/wp\/v2\/types\/post"}],"author":[{"embeddable":true,"href":"https:\/\/www.desdegranada.com\/site\/index.php?rest_route=\/wp\/v2\/users\/1"}],"replies":[{"embeddable":true,"href":"https:\/\/www.desdegranada.com\/site\/index.php?rest_route=%2Fwp%2Fv2%2Fcomments&post=611"}],"version-history":[{"count":0,"href":"https:\/\/www.desdegranada.com\/site\/index.php?rest_route=\/wp\/v2\/posts\/611\/revisions"}],"wp:attachment":[{"href":"https:\/\/www.desdegranada.com\/site\/index.php?rest_route=%2Fwp%2Fv2%2Fmedia&parent=611"}],"wp:term":[{"taxonomy":"category","embeddable":true,"href":"https:\/\/www.desdegranada.com\/site\/index.php?rest_route=%2Fwp%2Fv2%2Fcategories&post=611"},{"taxonomy":"post_tag","embeddable":true,"href":"https:\/\/www.desdegranada.com\/site\/index.php?rest_route=%2Fwp%2Fv2%2Ftags&post=611"}],"curies":[{"name":"wp","href":"https:\/\/api.w.org\/{rel}","templated":true}]}}