{"id":612,"date":"2023-02-06T14:59:10","date_gmt":"2023-02-06T14:59:10","guid":{"rendered":"https:\/\/www.desdegranada.com\/site\/?p=612"},"modified":"2023-02-06T14:59:10","modified_gmt":"2023-02-06T14:59:10","slug":"desde-el-salon-del-nunca-mas","status":"publish","type":"post","link":"https:\/\/www.desdegranada.com\/site\/?p=612","title":{"rendered":"Desde el Sal\u00f3n del Nunca M\u00e1s."},"content":{"rendered":"<p style=\"text-align: justify;\">Juan Jos\u00e9 Hoyos.<\/p>\n<p style=\"text-align: justify;\"><img loading=\"lazy\" decoding=\"async\" src=\"images\/Desde_el_saln_del_nunca_ms_2.jpg\" alt=\"\" width=\"750\" height=\"439\" \/><\/p>\n<p style=\"text-align: justify;\">Leer libro\u00a0<a href=\"https:\/\/drive.google.com\/file\/d\/1rHNBhEAczOMKzQPB8UVoq4jgIifwYBFa\/view?usp=sharing\" target=\"_blank\" rel=\"noopener noreferrer\">Desde el Sal\u00f3n del Nunca M\u00e1s<\/a>.<\/p>\n<p style=\"text-align: justify;\">\u00a0<\/p>\n","protected":false},"excerpt":{"rendered":"<p style=\"text-align: justify;\">Este libro del periodista Hugo de Jes\u00fas Tamayo G\u00f3mez, hecho de voces, recoge las historias detr\u00e1s de esas fotos (las del Sal\u00f3n del nunca m\u00e1s): la guerra dolorosa entre hermanos en la que perdieron la vida tantos hombres y mujeres del Oriente de Antioquia. Y lo hace de un modo ejemplar, respetando el dolor de las v\u00edctimas, siendo fiel a la verdad y preservando la fuerza y la belleza del lenguaje hablado por los campesinos de nuestras monta\u00f1as.<\/p>\n","protected":false},"author":1,"featured_media":0,"comment_status":"open","ping_status":"open","sticky":false,"template":"","format":"standard","meta":{"footnotes":""},"categories":[19],"tags":[],"class_list":["post-612","post","type-post","status-publish","format-standard","hentry","category-noticias"],"_links":{"self":[{"href":"https:\/\/www.desdegranada.com\/site\/index.php?rest_route=\/wp\/v2\/posts\/612","targetHints":{"allow":["GET"]}}],"collection":[{"href":"https:\/\/www.desdegranada.com\/site\/index.php?rest_route=\/wp\/v2\/posts"}],"about":[{"href":"https:\/\/www.desdegranada.com\/site\/index.php?rest_route=\/wp\/v2\/types\/post"}],"author":[{"embeddable":true,"href":"https:\/\/www.desdegranada.com\/site\/index.php?rest_route=\/wp\/v2\/users\/1"}],"replies":[{"embeddable":true,"href":"https:\/\/www.desdegranada.com\/site\/index.php?rest_route=%2Fwp%2Fv2%2Fcomments&post=612"}],"version-history":[{"count":0,"href":"https:\/\/www.desdegranada.com\/site\/index.php?rest_route=\/wp\/v2\/posts\/612\/revisions"}],"wp:attachment":[{"href":"https:\/\/www.desdegranada.com\/site\/index.php?rest_route=%2Fwp%2Fv2%2Fmedia&parent=612"}],"wp:term":[{"taxonomy":"category","embeddable":true,"href":"https:\/\/www.desdegranada.com\/site\/index.php?rest_route=%2Fwp%2Fv2%2Fcategories&post=612"},{"taxonomy":"post_tag","embeddable":true,"href":"https:\/\/www.desdegranada.com\/site\/index.php?rest_route=%2Fwp%2Fv2%2Ftags&post=612"}],"curies":[{"name":"wp","href":"https:\/\/api.w.org\/{rel}","templated":true}]}}