{"id":613,"date":"2023-02-15T19:57:29","date_gmt":"2023-02-15T19:57:29","guid":{"rendered":"https:\/\/www.desdegranada.com\/site\/?p=613"},"modified":"2023-02-15T19:57:29","modified_gmt":"2023-02-15T19:57:29","slug":"la-vez-que-me-dejo-el-avion","status":"publish","type":"post","link":"https:\/\/www.desdegranada.com\/site\/?p=613","title":{"rendered":"La vez que me dej\u00f3 el avi\u00f3n"},"content":{"rendered":"<p style=\"text-align: justify;\">Por: Jeison A. Giraldo.<\/p>\n<p style=\"text-align: justify;\">Las se\u00f1oritas que hacen el check in, todas repelentes, nos dijeron: \u201clo siento, ya se cerr\u00f3 el avi\u00f3n\u201d.<\/p>\n<p style=\"text-align: justify;\">La vida en los aeropuertos ser\u00eda m\u00e1s f\u00e1cil si all\u00e1 trabajaran personas como Sergio Candelillas, o el Gordo de La Familiar, y que a ellos se sume el resto de pilotos de la aerol\u00ednea para que juntos griten, as\u00ed como cuando un bus de Transoriente, Coonorte o Flota Granada van a dejar a alg\u00fan pasajero y ellos corren por toda La Variante.<\/p>\n<p style=\"text-align: justify;\"><img loading=\"lazy\" decoding=\"async\" src=\"images\/Maza_Cali_1.jpg\" alt=\"\" width=\"750\" height=\"439\" \/><\/p>\n<p style=\"text-align: justify;\">El avi\u00f3n todav\u00eda estaba ah\u00ed, todav\u00eda se pod\u00eda ver. Si en cambio ese avi\u00f3n fuera un bus, lo hubi\u00e9ramos podido alcanzar. \u00a1Qu\u00e9 dolor!<\/p>\n<p style=\"text-align: justify;\">Yo no hab\u00eda pegado el ojo en toda la noche, estaba a cargo de la presentaci\u00f3n de los artistas que estuvieron ese viernes en las Fiestas del Retorno, incluso no pude terminar de presentar porque la idea era salir a las 03:00am para poder estar con tiempo en la sala y poder embarcar.<\/p>\n<p style=\"text-align: justify;\">Los inquietos se extendieron un poco m\u00e1s en su presentaci\u00f3n y me toc\u00f3 salir a la carrera. Mi coraz\u00f3n lat\u00eda a mil, todo el camino estuvo presente una taquicardia, y el viaje hasta el aeropuerto fue lo peor, incluso cre\u00ed que tendr\u00eda que devolverme.<\/p>\n<p style=\"text-align: justify;\">En mi mente segu\u00eda presente el rostro de las dos viejas diciendo: \u201clo siento, ya se cerr\u00f3 el avi\u00f3n\u201d. Pues claro -pensaba entre mi\u2013 como a ellas no las dejo el hijueputa avi\u00f3n, por eso son tan repelentes. \u00bfHabr\u00e1 alguien en el mundo que no llegue tarde? Pensaba yo\u2026 Si, hay personas que nunca llegan tarde, los pilotos, por ejemplo.<\/p>\n<p style=\"text-align: justify;\"><img loading=\"lazy\" decoding=\"async\" src=\"images\/Maza_Cali_2.jpg\" alt=\"\" width=\"750\" height=\"439\" \/><\/p>\n<p style=\"text-align: justify;\">Un avi\u00f3n no se puede ir as\u00ed como as\u00ed; y la misa por muchos ac\u00f3litos que est\u00e9n esperando para hacer la procesi\u00f3n inicial, por m\u00e1s dobladas de campanas, por m\u00e1s coristas, por m\u00e1s fieles que est\u00e9n listos para realizar la misa, si el cura no est\u00e1, no se puede hacer nada.<\/p>\n<p style=\"text-align: justify;\">La noticia repelente la hab\u00edamos recibido a las 05:05am y cuando fuimos a buscar otro vuelo nos dijeron que hab\u00edan, pero para las 10:50am. \u00a1H\u00e1game el hijueputa favor! Uno bien trasnochado, sin comer nada y los precios de las comidas en esos aeropuertos por las nubes.<\/p>\n<p style=\"text-align: justify;\">Cuando compramos los vuelos para otra hora, despu\u00e9s de que nos qued\u00f3 el avi\u00f3n, yo comenc\u00e9 a caminar en la sala del aeropuerto y me puse a cantar. Entre las muchas canciones que recuerdo est\u00e1n: eso y m\u00e1s de Joan Sebasti\u00e1n, solo importas t\u00fa de Franco de Vita, fotograf\u00eda de Juanes, burbujas de amor de Juan Luis\u2026 hasta que llegu\u00e9 a una de Luis Alberto Posada: el precio de tu error; con esa me qued\u00e9 todo el d\u00eda, incluso yo era en Cali y de un momento a otro parafraseaba \u201cme dej\u00f3 el avi\u00f3n que me llevaba hacia el cielo\u201d\u2026<\/p>\n<p style=\"text-align: justify;\">De ahora en adelante el miedo ya no es montar en avi\u00f3n, el miedo ser\u00e1 no llegar a tiempo. Y ojal\u00e1 si me deja, que sea en el aeropuerto de Rionegro, cosa que si no puedo viajar, pues f\u00e1cil: me devuelvo.<\/p>\n","protected":false},"excerpt":{"rendered":"<p style=\"text-align: justify;\">\u00a0\u00bfC\u00f3mo fue que el avi\u00f3n dej\u00f3 a Mazamorro en pleno aeropuerto, a\u00fan llegando a tiempo para abordar? Hoy comparto con ustedes todo lo que viv\u00ed en el Jos\u00e9 Mar\u00eda Cordova de Rionegro.<\/p>\n","protected":false},"author":1,"featured_media":0,"comment_status":"open","ping_status":"open","sticky":false,"template":"","format":"standard","meta":{"footnotes":""},"categories":[20],"tags":[],"class_list":["post-613","post","type-post","status-publish","format-standard","hentry","category-columnistas"],"_links":{"self":[{"href":"https:\/\/www.desdegranada.com\/site\/index.php?rest_route=\/wp\/v2\/posts\/613","targetHints":{"allow":["GET"]}}],"collection":[{"href":"https:\/\/www.desdegranada.com\/site\/index.php?rest_route=\/wp\/v2\/posts"}],"about":[{"href":"https:\/\/www.desdegranada.com\/site\/index.php?rest_route=\/wp\/v2\/types\/post"}],"author":[{"embeddable":true,"href":"https:\/\/www.desdegranada.com\/site\/index.php?rest_route=\/wp\/v2\/users\/1"}],"replies":[{"embeddable":true,"href":"https:\/\/www.desdegranada.com\/site\/index.php?rest_route=%2Fwp%2Fv2%2Fcomments&post=613"}],"version-history":[{"count":0,"href":"https:\/\/www.desdegranada.com\/site\/index.php?rest_route=\/wp\/v2\/posts\/613\/revisions"}],"wp:attachment":[{"href":"https:\/\/www.desdegranada.com\/site\/index.php?rest_route=%2Fwp%2Fv2%2Fmedia&parent=613"}],"wp:term":[{"taxonomy":"category","embeddable":true,"href":"https:\/\/www.desdegranada.com\/site\/index.php?rest_route=%2Fwp%2Fv2%2Fcategories&post=613"},{"taxonomy":"post_tag","embeddable":true,"href":"https:\/\/www.desdegranada.com\/site\/index.php?rest_route=%2Fwp%2Fv2%2Ftags&post=613"}],"curies":[{"name":"wp","href":"https:\/\/api.w.org\/{rel}","templated":true}]}}