{"id":615,"date":"2023-02-23T23:07:16","date_gmt":"2023-02-23T23:07:16","guid":{"rendered":"https:\/\/www.desdegranada.com\/site\/?p=615"},"modified":"2023-02-23T23:07:16","modified_gmt":"2023-02-23T23:07:16","slug":"vuelve-la-oferta-artistica-y-cultural-a-la-casa-de-la-cultura-ramon-eduardo-duque","status":"publish","type":"post","link":"https:\/\/www.desdegranada.com\/site\/?p=615","title":{"rendered":"Vuelve la oferta art\u00edstica y cultural a la Casa de la Cultura Ram\u00f3n Eduardo Duque"},"content":{"rendered":"<p style=\"text-align: justify;\">Con el segundo mes del a\u00f1o tocando su fin, la casa de la cultura Ram\u00f3n Eduardo Duque viene avanzando en el proceso de inscripciones para las clases de danza, pintura, m\u00fasica, teatro, entre otras disciplinas que permiten a toda la poblaci\u00f3n potenciar o descubrir diversas habilidades, empezando por los m\u00e1s peque\u00f1os y llegando hasta los m\u00e1s grandes.<\/p>\n<p style=\"text-align: justify;\"><img loading=\"lazy\" decoding=\"async\" src=\"images\/Procesos_casa_cultura_2023.jpg\" alt=\"\" width=\"750\" height=\"439\" \/><\/p>\n<p style=\"text-align: justify;\">En ese sentido tambi\u00e9n la biblioteca p\u00fablica Jes\u00fas Mar\u00eda Yepes, el museo de ciencias naturales y la casa de la cultura del corregimiento de Santa Ana est\u00e1n listos para reabrir sus puertas con los diferentes programas.<\/p>\n<p style=\"text-align: justify;\">Los procesos de inscripci\u00f3n se pueden realizar en la biblioteca Jes\u00fas Mar\u00eda Yepes.<\/p>\n","protected":false},"excerpt":{"rendered":"<p style=\"text-align: justify;\">El templo de la cultura en Granada volver\u00e1 a abrir sus puertas para acoger a la comunidad granadina con su oferta de procesos art\u00edsticos y culturales.<\/p>\n","protected":false},"author":1,"featured_media":0,"comment_status":"open","ping_status":"open","sticky":false,"template":"","format":"standard","meta":{"footnotes":""},"categories":[19],"tags":[],"class_list":["post-615","post","type-post","status-publish","format-standard","hentry","category-noticias"],"_links":{"self":[{"href":"https:\/\/www.desdegranada.com\/site\/index.php?rest_route=\/wp\/v2\/posts\/615","targetHints":{"allow":["GET"]}}],"collection":[{"href":"https:\/\/www.desdegranada.com\/site\/index.php?rest_route=\/wp\/v2\/posts"}],"about":[{"href":"https:\/\/www.desdegranada.com\/site\/index.php?rest_route=\/wp\/v2\/types\/post"}],"author":[{"embeddable":true,"href":"https:\/\/www.desdegranada.com\/site\/index.php?rest_route=\/wp\/v2\/users\/1"}],"replies":[{"embeddable":true,"href":"https:\/\/www.desdegranada.com\/site\/index.php?rest_route=%2Fwp%2Fv2%2Fcomments&post=615"}],"version-history":[{"count":0,"href":"https:\/\/www.desdegranada.com\/site\/index.php?rest_route=\/wp\/v2\/posts\/615\/revisions"}],"wp:attachment":[{"href":"https:\/\/www.desdegranada.com\/site\/index.php?rest_route=%2Fwp%2Fv2%2Fmedia&parent=615"}],"wp:term":[{"taxonomy":"category","embeddable":true,"href":"https:\/\/www.desdegranada.com\/site\/index.php?rest_route=%2Fwp%2Fv2%2Fcategories&post=615"},{"taxonomy":"post_tag","embeddable":true,"href":"https:\/\/www.desdegranada.com\/site\/index.php?rest_route=%2Fwp%2Fv2%2Ftags&post=615"}],"curies":[{"name":"wp","href":"https:\/\/api.w.org\/{rel}","templated":true}]}}