{"id":616,"date":"2023-02-24T21:26:23","date_gmt":"2023-02-24T21:26:23","guid":{"rendered":"https:\/\/www.desdegranada.com\/site\/?p=616"},"modified":"2023-02-24T21:26:23","modified_gmt":"2023-02-24T21:26:23","slug":"nina-gimnasta-de-raices-granadinas-se-destaco-en-evento-en-los-estados-unidos","status":"publish","type":"post","link":"https:\/\/www.desdegranada.com\/site\/?p=616","title":{"rendered":"Ni\u00f1a gimnasta de ra\u00edces granadinas se destac\u00f3 en evento en los Estados Unidos"},"content":{"rendered":"<p style=\"text-align: justify;\">Junto a otras trece ni\u00f1as, Luc\u00eda hizo parte de la delegaci\u00f3n que represent\u00f3 no solo a su club sino a todo Colombia en el Presidential Classic de gimnasia que tuvo lugar entre el 17 y el 20 de febrero en Orlando, Florida, Estados Unidos, en la que fue la celebraci\u00f3n de los 25 a\u00f1os de este evento.<\/p>\n<p style=\"text-align: justify;\"><img loading=\"lazy\" decoding=\"async\" src=\"images\/Luca_gimnasta.jpg\" alt=\"\" width=\"750\" height=\"439\" \/><\/p>\n<p style=\"text-align: justify;\">Durante los cuatro d\u00edas de competencia, tanto el Club Deportivo Gimnastas de Cali, como Luc\u00eda y las dem\u00e1s atletas, lograron destacarse a nivel individual y colectivo, lo que les vali\u00f3 para ocupar el primer lugar entre 17 pa\u00edses del continente americano.<\/p>\n<p style=\"text-align: justify;\">Con este logro del Club Deportivo Gimnastas de Cali, que a prop\u00f3sito fue el \u00fanico club en representaci\u00f3n de Colombia, la capacidad y el talento de la raza granadina sigue figurando y proyect\u00e1ndose en otras latitudes. A Luc\u00eda, sus padres, compa\u00f1eras del club y entrenadores, mil felicitaciones y que sea solo uno m\u00e1s de muchos triunfos.<\/p>\n","protected":false},"excerpt":{"rendered":"<p style=\"text-align: justify;\">Luc\u00eda Escarria G\u00f3mez es una ni\u00f1a cale\u00f1a, de ra\u00edces granadinas, que integra el Club Deportivo Gimnastas de Cali que hace pocos d\u00edas obtuvo un importante logro en suelo estadounidense.<\/p>\n","protected":false},"author":1,"featured_media":0,"comment_status":"open","ping_status":"open","sticky":false,"template":"","format":"standard","meta":{"footnotes":""},"categories":[19],"tags":[],"class_list":["post-616","post","type-post","status-publish","format-standard","hentry","category-noticias"],"_links":{"self":[{"href":"https:\/\/www.desdegranada.com\/site\/index.php?rest_route=\/wp\/v2\/posts\/616","targetHints":{"allow":["GET"]}}],"collection":[{"href":"https:\/\/www.desdegranada.com\/site\/index.php?rest_route=\/wp\/v2\/posts"}],"about":[{"href":"https:\/\/www.desdegranada.com\/site\/index.php?rest_route=\/wp\/v2\/types\/post"}],"author":[{"embeddable":true,"href":"https:\/\/www.desdegranada.com\/site\/index.php?rest_route=\/wp\/v2\/users\/1"}],"replies":[{"embeddable":true,"href":"https:\/\/www.desdegranada.com\/site\/index.php?rest_route=%2Fwp%2Fv2%2Fcomments&post=616"}],"version-history":[{"count":0,"href":"https:\/\/www.desdegranada.com\/site\/index.php?rest_route=\/wp\/v2\/posts\/616\/revisions"}],"wp:attachment":[{"href":"https:\/\/www.desdegranada.com\/site\/index.php?rest_route=%2Fwp%2Fv2%2Fmedia&parent=616"}],"wp:term":[{"taxonomy":"category","embeddable":true,"href":"https:\/\/www.desdegranada.com\/site\/index.php?rest_route=%2Fwp%2Fv2%2Fcategories&post=616"},{"taxonomy":"post_tag","embeddable":true,"href":"https:\/\/www.desdegranada.com\/site\/index.php?rest_route=%2Fwp%2Fv2%2Ftags&post=616"}],"curies":[{"name":"wp","href":"https:\/\/api.w.org\/{rel}","templated":true}]}}