{"id":617,"date":"2023-02-27T14:51:50","date_gmt":"2023-02-27T14:51:50","guid":{"rendered":"https:\/\/www.desdegranada.com\/site\/?p=617"},"modified":"2023-02-27T14:51:50","modified_gmt":"2023-02-27T14:51:50","slug":"con-total-exito-se-realizo-la-asamblea-de-delegados-de-la-cooperativa-coogranada","status":"publish","type":"post","link":"https:\/\/www.desdegranada.com\/site\/?p=617","title":{"rendered":"Con total \u00e9xito se realizo la asamblea de delegados de la cooperativa Coogranada"},"content":{"rendered":"<p style=\"text-align: justify;\">Fueron alrededor de 200 delegados los que se reunieron en el coliseo cubierto para escuchar los informes que present\u00f3 cada una de las \u00e1reas, y que evidencian que Coogranada sigue creciendo. Tambi\u00e9n en este espacio se llev\u00f3 a cabo la elecci\u00f3n de los delegados que estar\u00e1n en el concejo de administraci\u00f3n, la junta de vigilancia, la revisor\u00eda fiscal y la fijaci\u00f3n de honorarios para el presente a\u00f1o.<\/p>\n<p style=\"text-align: justify;\"><img loading=\"lazy\" decoding=\"async\" src=\"images\/Asamblea_Coogranada_2023.jpg\" alt=\"\" width=\"750\" height=\"439\" \/><\/p>\n<p style=\"text-align: justify;\">Fue un \u00e9xito total no solo por lo positivo de las cifras y el impacto social de Coogranada, sino tambi\u00e9n porque, con los delegados de cada una de las oficinas, se tuvo la celebraci\u00f3n de los 60 a\u00f1os de la cooperativa, en donde luego de la asamblea se hizo un reconocimiento a algunos de los fundadores, cooperadores, adem\u00e1s de otros reconocimientos por parte de instituciones que han sido aliados de la cooperativa en el trabajo por generar desarrollo y bienestar en todos los rincones donde hoy est\u00e1 Coogranada.<\/p>\n","protected":false},"excerpt":{"rendered":"<p style=\"text-align: justify;\">Una cita que cada a\u00f1o tiene como fin dar a conocer el crecimiento de la cooperativa, su quehacer, los balances y dem\u00e1s informes a los delegados que representan a la totalidad de los asociados de la cooperativa, tuvo lugar en Granada el pasado fin de semana.<\/p>\n","protected":false},"author":1,"featured_media":0,"comment_status":"open","ping_status":"open","sticky":false,"template":"","format":"standard","meta":{"footnotes":""},"categories":[19],"tags":[],"class_list":["post-617","post","type-post","status-publish","format-standard","hentry","category-noticias"],"_links":{"self":[{"href":"https:\/\/www.desdegranada.com\/site\/index.php?rest_route=\/wp\/v2\/posts\/617","targetHints":{"allow":["GET"]}}],"collection":[{"href":"https:\/\/www.desdegranada.com\/site\/index.php?rest_route=\/wp\/v2\/posts"}],"about":[{"href":"https:\/\/www.desdegranada.com\/site\/index.php?rest_route=\/wp\/v2\/types\/post"}],"author":[{"embeddable":true,"href":"https:\/\/www.desdegranada.com\/site\/index.php?rest_route=\/wp\/v2\/users\/1"}],"replies":[{"embeddable":true,"href":"https:\/\/www.desdegranada.com\/site\/index.php?rest_route=%2Fwp%2Fv2%2Fcomments&post=617"}],"version-history":[{"count":0,"href":"https:\/\/www.desdegranada.com\/site\/index.php?rest_route=\/wp\/v2\/posts\/617\/revisions"}],"wp:attachment":[{"href":"https:\/\/www.desdegranada.com\/site\/index.php?rest_route=%2Fwp%2Fv2%2Fmedia&parent=617"}],"wp:term":[{"taxonomy":"category","embeddable":true,"href":"https:\/\/www.desdegranada.com\/site\/index.php?rest_route=%2Fwp%2Fv2%2Fcategories&post=617"},{"taxonomy":"post_tag","embeddable":true,"href":"https:\/\/www.desdegranada.com\/site\/index.php?rest_route=%2Fwp%2Fv2%2Ftags&post=617"}],"curies":[{"name":"wp","href":"https:\/\/api.w.org\/{rel}","templated":true}]}}