{"id":629,"date":"2023-03-23T23:18:01","date_gmt":"2023-03-23T23:18:01","guid":{"rendered":"https:\/\/www.desdegranada.com\/site\/?p=629"},"modified":"2023-03-23T23:18:01","modified_gmt":"2023-03-23T23:18:01","slug":"elmer-giraldo-el-de-la-banda-de-los-judios","status":"publish","type":"post","link":"https:\/\/www.desdegranada.com\/site\/?p=629","title":{"rendered":"Elmer Giraldo, el de la Banda de los Jud\u00edos"},"content":{"rendered":"<p style=\"text-align: justify;\">Y es que tan solo unos d\u00edas despu\u00e9s de concluida esta celebraci\u00f3n religiosa, Elmer empieza otra vez a hacer las cuentas para salir con la banda el siguiente a\u00f1o, \u201cesperar que llegue la Semana Santa pa servirle a Dios, porque es bonito. Uno sale en la banda de los jud\u00edos de d\u00eda y de noche; jueves, viernes y con el Santo Sepulcro\u201d.<\/p>\n<p style=\"text-align: justify;\">Trabaj\u00f3 hasta hace poco como cotero, pero debi\u00f3 dejar su empleo por salud, pues ahora padece de algunos problemas de columna, \u201cdescargar camiones, alzar abono pa arriba pa los sembrados y me iba bien\u201d.<\/p>\n<p style=\"text-align: justify;\"><img loading=\"lazy\" decoding=\"async\" src=\"images\/Elmer_.jpg\" alt=\"\" width=\"750\" height=\"439\" \/><\/p>\n<p style=\"text-align: justify;\">Le halaga que se refieran a \u00e9l como el de la Banda de los Jud\u00edos, pero esa no es su \u00fanica pasi\u00f3n. Tambi\u00e9n es amante del f\u00fatbol y de la misma manera que recita apartes de la dramatizaci\u00f3n de la sentencia, nombra uno a uno a los jugadores de su amado Atl\u00e9tico Nacional.<\/p>\n<p style=\"text-align: justify;\">Jugaba micro \u201cpero ya no juego, porque tengo una rodilla mala. El Nacional me gusta desde ni\u00f1o. Me recuerdo de Jarlan Barrera, ah\u00ed est\u00e1 Chipi Chipi\u201d.<\/p>\n<p style=\"text-align: justify;\">Ahora acompa\u00f1a a Amanda, su madre, a casi todas partes y se le ve en algunos lugares del pueblo conversando con personas del gremio del transporte o cualquier otro que le ponga pl\u00e1ticas sobre f\u00fatbol o la Semana Santa a la espera de que se lleguen los d\u00edas de vivir, desde su rol de jud\u00edo, la pasi\u00f3n, muerte y resurrecci\u00f3n del Se\u00f1or.<\/p>\n","protected":false},"excerpt":{"rendered":"<p style=\"text-align: justify;\">Ni siquiera terminar la Semana Santa \u201cmolido, rendido\u201d le minimiza el deseo de que esta \u00e9poca llegue nuevamente para calzarse su uniforme de soldado romano y recorrer las calles de Granada en las diferentes procesiones.<\/p>\n","protected":false},"author":1,"featured_media":0,"comment_status":"open","ping_status":"open","sticky":false,"template":"","format":"standard","meta":{"footnotes":""},"categories":[20],"tags":[],"class_list":["post-629","post","type-post","status-publish","format-standard","hentry","category-columnistas"],"_links":{"self":[{"href":"https:\/\/www.desdegranada.com\/site\/index.php?rest_route=\/wp\/v2\/posts\/629","targetHints":{"allow":["GET"]}}],"collection":[{"href":"https:\/\/www.desdegranada.com\/site\/index.php?rest_route=\/wp\/v2\/posts"}],"about":[{"href":"https:\/\/www.desdegranada.com\/site\/index.php?rest_route=\/wp\/v2\/types\/post"}],"author":[{"embeddable":true,"href":"https:\/\/www.desdegranada.com\/site\/index.php?rest_route=\/wp\/v2\/users\/1"}],"replies":[{"embeddable":true,"href":"https:\/\/www.desdegranada.com\/site\/index.php?rest_route=%2Fwp%2Fv2%2Fcomments&post=629"}],"version-history":[{"count":0,"href":"https:\/\/www.desdegranada.com\/site\/index.php?rest_route=\/wp\/v2\/posts\/629\/revisions"}],"wp:attachment":[{"href":"https:\/\/www.desdegranada.com\/site\/index.php?rest_route=%2Fwp%2Fv2%2Fmedia&parent=629"}],"wp:term":[{"taxonomy":"category","embeddable":true,"href":"https:\/\/www.desdegranada.com\/site\/index.php?rest_route=%2Fwp%2Fv2%2Fcategories&post=629"},{"taxonomy":"post_tag","embeddable":true,"href":"https:\/\/www.desdegranada.com\/site\/index.php?rest_route=%2Fwp%2Fv2%2Ftags&post=629"}],"curies":[{"name":"wp","href":"https:\/\/api.w.org\/{rel}","templated":true}]}}