{"id":632,"date":"2023-03-27T23:04:23","date_gmt":"2023-03-27T23:04:23","guid":{"rendered":"https:\/\/www.desdegranada.com\/site\/?p=632"},"modified":"2023-03-27T23:04:23","modified_gmt":"2023-03-27T23:04:23","slug":"inicio-aplicacion-de-asfalto-sobre-9-4km-de-la-via-granada-san-carlos","status":"publish","type":"post","link":"https:\/\/www.desdegranada.com\/site\/?p=632","title":{"rendered":"Inici\u00f3 aplicaci\u00f3n de asfalto sobre 9.4km de la v\u00eda Granada &#8211; San Carlos"},"content":{"rendered":"<p style=\"text-align: justify;\">Hacia la 1:30p.m, y despu\u00e9s de avanzar con dificultad en las obras previas a la pavimentaci\u00f3n debido a las lluvias, se inici\u00f3 con el proceso de aplicaci\u00f3n del asfalto sobre un trayecto de 200 mts de v\u00eda aproximadamente, que hacen parte del total de 9.4 kil\u00f3metros que establece el contrato y que ser\u00eda el tramo final.<\/p>\n<p style=\"text-align: justify;\">El proceso de pavimentaci\u00f3n, que inici\u00f3 a la altura de la vereda La Honda, trajo consigo alegr\u00eda no solo para los habitantes del sector, que son los primeros en ver materializado este sue\u00f1o, sino tambi\u00e9n para los pobladores de San Carlos, que ver\u00e1n reflejado en una menor inversi\u00f3n de tiempo el desplazamiento hasta su municipio.<\/p>\n<p style=\"text-align: justify;\"><img loading=\"lazy\" decoding=\"async\" src=\"images\/Pavimentacin_Granada-San_Carlos_2023.jpg\" alt=\"\" width=\"750\" height=\"439\" \/><\/p>\n<p style=\"text-align: justify;\">\u201cQue est\u00e9n pavimentando la v\u00eda es maravilloso. Si para los dem\u00e1s es excelente, d\u00edgame yo s\u00ed que cierto que trabajo ac\u00e1 vendiendo mis empanadas y mis cositas. Es un beneficio para todo mundo\u201d, expres\u00f3 con una emoci\u00f3n evidente Mar\u00eda Elena Ortiz, habitante de la vereda La Honda.<\/p>\n<p style=\"text-align: justify;\">Por su parte, Gloria Yepes, habitante de San Carlos, visit\u00f3 el lugar para ser testigo de este hecho tan importante para los dos municipios y manifest\u00f3: \u201choy la felicidad nos absorbi\u00f3 porque todos estos a\u00f1os que est\u00e1bamos detr\u00e1s de esta v\u00eda y ya hoy la gente que no cre\u00eda, es bueno que se convenza que estamos lo haciendo realidad\u201d.<\/p>\n<p style=\"text-align: justify;\">\u201cEl d\u00eda de hoy ya vemos c\u00f3mo se va materializando la aplicaci\u00f3n del pavimento que cubrir\u00e1 todo lo que falta por pavimentar en esta v\u00eda\u201d, dijo el alcalde de Granada, Freddy Casta\u00f1o, enfatizando en que \u201ces un hecho hist\u00f3rico para los municipios de Granada y San Carlos.<\/p>\n<p style=\"text-align: justify;\">Adem\u00e1s de estos 9.4 kil\u00f3metros que son los \u00faltimos que restan por asfaltar, a principios de marzo la Gobernaci\u00f3n de Antioquia dio a conocer que viene avanzando el proceso de licitaci\u00f3n para intervenir los 2.4 kil\u00f3metros del contrato anterior que fue suspendido por incumplimientos del contratista.<\/p>\n<p>\u00a0<\/p>\n","protected":false},"excerpt":{"rendered":"<p style=\"text-align: justify;\">Este 27 de marzo se dio un nuevo paso de realidad en lo que se refiere al anhelo de granadinos y sancarlitanos de ver pavimentada totalmente la v\u00eda que conecta a los dos municipios.<\/p>\n","protected":false},"author":1,"featured_media":0,"comment_status":"open","ping_status":"open","sticky":false,"template":"","format":"standard","meta":{"footnotes":""},"categories":[19],"tags":[],"class_list":["post-632","post","type-post","status-publish","format-standard","hentry","category-noticias"],"_links":{"self":[{"href":"https:\/\/www.desdegranada.com\/site\/index.php?rest_route=\/wp\/v2\/posts\/632","targetHints":{"allow":["GET"]}}],"collection":[{"href":"https:\/\/www.desdegranada.com\/site\/index.php?rest_route=\/wp\/v2\/posts"}],"about":[{"href":"https:\/\/www.desdegranada.com\/site\/index.php?rest_route=\/wp\/v2\/types\/post"}],"author":[{"embeddable":true,"href":"https:\/\/www.desdegranada.com\/site\/index.php?rest_route=\/wp\/v2\/users\/1"}],"replies":[{"embeddable":true,"href":"https:\/\/www.desdegranada.com\/site\/index.php?rest_route=%2Fwp%2Fv2%2Fcomments&post=632"}],"version-history":[{"count":0,"href":"https:\/\/www.desdegranada.com\/site\/index.php?rest_route=\/wp\/v2\/posts\/632\/revisions"}],"wp:attachment":[{"href":"https:\/\/www.desdegranada.com\/site\/index.php?rest_route=%2Fwp%2Fv2%2Fmedia&parent=632"}],"wp:term":[{"taxonomy":"category","embeddable":true,"href":"https:\/\/www.desdegranada.com\/site\/index.php?rest_route=%2Fwp%2Fv2%2Fcategories&post=632"},{"taxonomy":"post_tag","embeddable":true,"href":"https:\/\/www.desdegranada.com\/site\/index.php?rest_route=%2Fwp%2Fv2%2Ftags&post=632"}],"curies":[{"name":"wp","href":"https:\/\/api.w.org\/{rel}","templated":true}]}}