{"id":636,"date":"2023-04-22T14:54:20","date_gmt":"2023-04-22T14:54:20","guid":{"rendered":"https:\/\/www.desdegranada.com\/site\/?p=636"},"modified":"2023-04-22T14:54:20","modified_gmt":"2023-04-22T14:54:20","slug":"el-futbol-la-musica-y-el-trabajo-comunitario-las-chispas-que-encienden-a-dario-giraldo","status":"publish","type":"post","link":"https:\/\/www.desdegranada.com\/site\/?p=636","title":{"rendered":"El f\u00fatbol, la m\u00fasica y el trabajo comunitario, las chispas que encienden a Dar\u00edo Giraldo\u00a0"},"content":{"rendered":"<p style=\"text-align: justify;\"><img loading=\"lazy\" decoding=\"async\" src=\"images\/Dario_Tiro_4.jpg\" alt=\"\" width=\"750\" height=\"439\" \/><\/p>\n<p style=\"text-align: justify;\">En batuta lleva trece a\u00f1os y para Dar\u00edo m\u00e1s que formar artistas, lo que m\u00e1s lo motiva es formarlos como personas. Para \u00e9l la m\u00fasica tiene un poder transformador, tanto que asegura que cambia vidas y menciona que cada ni\u00f1o que tiene la oportunidad de formarse en esta escuela musical, nunca olvida su paso por ella; en ese caminar recuerda a Jirafa, David Guar\u00edn, Juli\u00e1n Nore\u00f1a y se enorgullece de su proceso profesional.<\/p>\n<p style=\"text-align: justify;\">La nobleza que lo caracteriza, ha sido el motor para que se involucre tan a fondo en diversas actividades sociales y dibuje una sonrisa en las personas m\u00e1s necesitadas al recibir un juguete o alg\u00fan obsequio en las navidades comunitarias, en la Mona\u00edn, y en el bazar que cada a\u00f1o se realiza en el asilo San Jos\u00e9. \u00a0\u00a0<\/p>\n<p style=\"text-align: justify;\">Recuerda con especial cari\u00f1o a su padre, esa persona que Granada conmemora por su amabilidad y don de gente. Con \u00e9l inici\u00f3 en el comercio y el compartir tanto tiempo con don Heliodoro y do\u00f1a Marina, sus padres, le permiti\u00f3 heredar su nobleza, humildad y alegr\u00eda que siempre lo acompa\u00f1an.<\/p>\n<p style=\"text-align: justify;\">Como un enamorado de sus ra\u00edces relata que \u201cGranada es tierra so\u00f1ada\u201d y empieza a enumerar un sinf\u00edn de cualidades \u201cel granadino es muy echado para delante, muy emprendedor, somos amigables, nos gusta ayudar y amar a nuestra tierra\u201d.<\/p>\n<p style=\"text-align: justify;\"><img loading=\"lazy\" decoding=\"async\" src=\"images\/Dario_Tiro_3.jpg\" alt=\"\" width=\"750\" height=\"439\" \/><\/p>\n<p style=\"text-align: justify;\">\u00a0<\/p>\n<p style=\"text-align: justify;\">No podr\u00edamos finalizar sin antes hablar de la pasi\u00f3n que siente por el f\u00fatbol, la euforia que le provocan los colores verde y blanco, las l\u00e1grimas, los momentos de tensi\u00f3n y por supuesto de gloria de los que ha sido testigo, como aquella copa libertadores del 2016, que recuerda con especial cari\u00f1o y grata felicidad. Atl\u00e9tico Nacional es el equipo de sus amores.<\/p>\n<p style=\"text-align: justify;\"><img loading=\"lazy\" decoding=\"async\" src=\"images\/Dario_Tiro_2.jpg\" alt=\"\" width=\"750\" height=\"439\" \/><\/p>\n<p>\u00a0<\/p>\n<p>\u00a0<\/p>\n<p>\u00a0<\/p>\n","protected":false},"excerpt":{"rendered":"<p style=\"text-align: justify;\">Un dulce, una palabra cordial y un trato amable, seguramente siempre recibir\u00e1 cualquier persona de parte de Dar\u00edo Giraldo; estos fueron los cimientos que fue solidificando en sus a\u00f1os de infancia en la vereda La Cristalina, en compa\u00f1\u00eda de sus padres y sus tres hermanos, mientras disfrutaba de la paz del campo. Recuerda que all\u00ed vivi\u00f3 una ni\u00f1ez inolvidable, en la que disfrutaba de juegos como carritos, quemados, bolitas, yoyo, y de todos disfrut\u00f3 en compa\u00f1\u00eda de sus primos.<\/p>\n","protected":false},"author":1,"featured_media":0,"comment_status":"open","ping_status":"open","sticky":false,"template":"","format":"standard","meta":{"footnotes":""},"categories":[20],"tags":[],"class_list":["post-636","post","type-post","status-publish","format-standard","hentry","category-columnistas"],"_links":{"self":[{"href":"https:\/\/www.desdegranada.com\/site\/index.php?rest_route=\/wp\/v2\/posts\/636","targetHints":{"allow":["GET"]}}],"collection":[{"href":"https:\/\/www.desdegranada.com\/site\/index.php?rest_route=\/wp\/v2\/posts"}],"about":[{"href":"https:\/\/www.desdegranada.com\/site\/index.php?rest_route=\/wp\/v2\/types\/post"}],"author":[{"embeddable":true,"href":"https:\/\/www.desdegranada.com\/site\/index.php?rest_route=\/wp\/v2\/users\/1"}],"replies":[{"embeddable":true,"href":"https:\/\/www.desdegranada.com\/site\/index.php?rest_route=%2Fwp%2Fv2%2Fcomments&post=636"}],"version-history":[{"count":0,"href":"https:\/\/www.desdegranada.com\/site\/index.php?rest_route=\/wp\/v2\/posts\/636\/revisions"}],"wp:attachment":[{"href":"https:\/\/www.desdegranada.com\/site\/index.php?rest_route=%2Fwp%2Fv2%2Fmedia&parent=636"}],"wp:term":[{"taxonomy":"category","embeddable":true,"href":"https:\/\/www.desdegranada.com\/site\/index.php?rest_route=%2Fwp%2Fv2%2Fcategories&post=636"},{"taxonomy":"post_tag","embeddable":true,"href":"https:\/\/www.desdegranada.com\/site\/index.php?rest_route=%2Fwp%2Fv2%2Ftags&post=636"}],"curies":[{"name":"wp","href":"https:\/\/api.w.org\/{rel}","templated":true}]}}