{"id":637,"date":"2023-04-26T01:08:54","date_gmt":"2023-04-26T01:08:54","guid":{"rendered":"https:\/\/www.desdegranada.com\/site\/?p=637"},"modified":"2023-04-26T01:08:54","modified_gmt":"2023-04-26T01:08:54","slug":"el-centro-que-nos-une-es-la-solidaridad","status":"publish","type":"post","link":"https:\/\/www.desdegranada.com\/site\/?p=637","title":{"rendered":"\u00abEl centro que nos une es la solidaridad\u00bb"},"content":{"rendered":"<\/div>\n<div dir=\"auto\" style=\"text-align: justify;\">Tan pronto se conoci\u00f3 que el centro comercial \u201cCalimio\u201d, ubicado en todo el coraz\u00f3n de la ciudad, sufri\u00f3 un incendio qu\u00e9 afecto varios locales comerciales, de inmediato se activaron los hilos de solidaridad que nos caracterizan.<\/div>\n<div dir=\"auto\" style=\"text-align: justify;\">Entre los 6 empresarios a los que se les quemaron 11 bodegas, hay 3 granadinos, y hoy algunas instituciones y artistas que se unieron a esta causa y comenzaron una campa\u00f1a que se llama \u201cEl centro que nos une es la solidaridad\u201d, con la que se busca recolectar algunos recursos para ayudar a este grupo de empresarios, de los que dependen un significativo n\u00famero de empleados que buscan el sustento para sus familias.<\/div>\n<\/div>\n<div class=\"x11i5rnm xat24cr x1mh8g0r x1vvkbs xtlvy1s x126k92a\">\n<div dir=\"auto\" style=\"text-align: justify;\"><img loading=\"lazy\" decoding=\"async\" src=\"images\/Calimio.jpg\" alt=\"\" width=\"750\" height=\"439\" \/><\/div>\n<div dir=\"auto\" style=\"text-align: justify;\">Edison Giraldo es un l\u00edder granadino residente en Cali, y que viene trabajando junto a otros paisanos para unir el centro de la ciudad, explica que \u201ces una perdida considerable de alrededor de 10 mil millones de pesos. A parte de los mojados y los averiados por el agua que recibieron por parte de los bomberos mientras trataban de controlar la incendio\u201d.<\/div>\n<div dir=\"auto\" style=\"text-align: justify;\">\u201cEl centro que nos une\u201d es una iniciativa que se conform\u00f3 en pandemia precisamente para buscar esas necesidades que destacan en el centro de la ciudad para coordinar acciones de ayuda solidaria.<\/div>\n<div dir=\"auto\" style=\"text-align: justify;\">La campa\u00f1a \u201cEl centro que nos une es la solidaridad\u201d, se va a desarrollar hasta el pr\u00f3ximo viernes y a\u00a0comienzos\u00a0de la primera semana del mes de mayo se espera estar dando un balance total de lo recaudado.<\/div>\n<div dir=\"auto\" style=\"text-align: justify;\">Si usted desea apoyar esta causa, lo invitamos para que haga sus donaciones a las siguientes cuentas.<\/div>\n<div dir=\"auto\" style=\"text-align: justify;\">BANCOLOMBIA CTA #: 325 149 53 812 a nombre de Fundaci\u00f3n social creafam Solidaria.<\/div>\n<div dir=\"auto\" style=\"text-align: justify;\">Consignaci\u00f3n COOGRANADA #: 17 \u2013 106 \u2013 4 &#8211; 2.<\/div>\n<\/div>\n","protected":false},"excerpt":{"rendered":"<div class=\"x11i5rnm xat24cr x1mh8g0r x1vvkbs xtlvy1s x126k92a\">\n<div dir=\"auto\" style=\"text-align: justify;\">El esp\u00edritu altruista de los granadinos se evidencia de nuevo, esta vez en los paisanos radicados en la ciudad de Cali.<\/p>\n","protected":false},"author":1,"featured_media":0,"comment_status":"open","ping_status":"open","sticky":false,"template":"","format":"standard","meta":{"footnotes":""},"categories":[19],"tags":[],"class_list":["post-637","post","type-post","status-publish","format-standard","hentry","category-noticias"],"_links":{"self":[{"href":"https:\/\/www.desdegranada.com\/site\/index.php?rest_route=\/wp\/v2\/posts\/637","targetHints":{"allow":["GET"]}}],"collection":[{"href":"https:\/\/www.desdegranada.com\/site\/index.php?rest_route=\/wp\/v2\/posts"}],"about":[{"href":"https:\/\/www.desdegranada.com\/site\/index.php?rest_route=\/wp\/v2\/types\/post"}],"author":[{"embeddable":true,"href":"https:\/\/www.desdegranada.com\/site\/index.php?rest_route=\/wp\/v2\/users\/1"}],"replies":[{"embeddable":true,"href":"https:\/\/www.desdegranada.com\/site\/index.php?rest_route=%2Fwp%2Fv2%2Fcomments&post=637"}],"version-history":[{"count":0,"href":"https:\/\/www.desdegranada.com\/site\/index.php?rest_route=\/wp\/v2\/posts\/637\/revisions"}],"wp:attachment":[{"href":"https:\/\/www.desdegranada.com\/site\/index.php?rest_route=%2Fwp%2Fv2%2Fmedia&parent=637"}],"wp:term":[{"taxonomy":"category","embeddable":true,"href":"https:\/\/www.desdegranada.com\/site\/index.php?rest_route=%2Fwp%2Fv2%2Fcategories&post=637"},{"taxonomy":"post_tag","embeddable":true,"href":"https:\/\/www.desdegranada.com\/site\/index.php?rest_route=%2Fwp%2Fv2%2Ftags&post=637"}],"curies":[{"name":"wp","href":"https:\/\/api.w.org\/{rel}","templated":true}]}}