{"id":639,"date":"2023-05-09T19:13:52","date_gmt":"2023-05-09T19:13:52","guid":{"rendered":"https:\/\/www.desdegranada.com\/site\/?p=639"},"modified":"2023-05-09T19:13:52","modified_gmt":"2023-05-09T19:13:52","slug":"elizabeth-castano-quintero-una-campeona-en-el-deporte-y-en-los-negocios","status":"publish","type":"post","link":"https:\/\/www.desdegranada.com\/site\/?p=639","title":{"rendered":"Elizabeth Casta\u00f1o Quintero, una campeona en el deporte y en los negocios"},"content":{"rendered":"<p style=\"text-align: justify;\">Por: Faiber Salazar.\u00a0<br \/>Twitter: @soy_fai<\/p>\n<p style=\"text-align: justify;\">Sobre esta \u00e9poca recuerda, \u201cla vida en el campo para m\u00ed fue muy bonita, me ense\u00f1\u00f3 much\u00edsimas cosas, disfrutar de todo por m\u00e1s sencillo que fuera y sacarle el gusto a todo\u201d.<\/p>\n<p style=\"text-align: justify;\">Su llegada a la zona urbana de Granada trajo consigo que empezara a interesarse por realizar actividades diferentes a las que estaba habituada, entre ellas montar bicicleta, eso s\u00ed, solo por entretenimiento y sin pensar que esta pasi\u00f3n le traer\u00eda posteriormente grandes logros.<\/p>\n<p style=\"text-align: justify;\">\u201cLa pasi\u00f3n por el ciclismo nace b\u00e1sicamente por las olimpiadas que hacen aqu\u00ed todos los a\u00f1os; hice mi participaci\u00f3n y me dieron una medalla por el hecho de haber participado y esto me motiv\u00f3. Decid\u00ed ir al Club Escuela de Ciclismo de Granada, pero era muy inconstante, y con el paso de los a\u00f1os le fui cogiendo amor, me fue yendo bien en las carreras y empec\u00e9 a hacerlo con m\u00e1s amor y ganas\u201d, relata Elizabeth.<\/p>\n<p style=\"text-align: justify;\">Gracias a su disciplina y esfuerzo, Elizabeth logr\u00f3 llegar a un equipo profesional y luego a Selecci\u00f3n Antioquia y Selecci\u00f3n Colombia, con lo que su nombre empez\u00f3 a sonar en escenarios departamentales y nacionales, e incluso en pistas internacionales.<\/p>\n<p style=\"text-align: justify;\"><img loading=\"lazy\" decoding=\"async\" src=\"images\/Eliza_2.jpg\" width=\"750\" height=\"439\" \/><\/p>\n<p style=\"text-align: justify;\">Dentro de sus principales \u00e9xitos est\u00e1n el campeonato nacional sub 23 del a\u00f1o 2022, un campeonato panamericano, una medalla de oro en la prueba de persecuci\u00f3n por equipos de los juegos panamericanos en Paraguay, y, adem\u00e1s es convocada asiduamente para representar a la selecci\u00f3n Colombia de su categor\u00eda, premio al trabajo incansable de cada d\u00eda.<\/p>\n<p style=\"text-align: justify;\">A pesar de sumar ya, y pese a su corta edad, un importante n\u00famero de podios, medallas y trofeos en varias pistas de Colombia y el mundo, Elizabeth sigue siendo una chica humilde, que todav\u00eda con algo de timidez, le regala una sonrisa y un gesto amable a todo aquel que la reconoce en la calle y la saluda.<\/p>\n<p style=\"text-align: justify;\">Pero esa humildad no le limita el deseo de superarse a\u00fan m\u00e1s en la vida y en las pistas, y como ella misma lo manifiesta, \u201ccreo que a\u00fan queda mucho de Elizabeth por dar, creo que es el inicio de grandes cosas bonitas que vienen para mi vida personal y deportiva, y hemos venido trabajando muy duro para poder lograr much\u00edsimos objetivos que a\u00fan tengo en mente\u201d.<\/p>\n<p style=\"text-align: justify;\">Ahora su habilidad trasciende tambi\u00e9n al campo comercial, pues ha decidido emprender con su helader\u00eda Oasis Cream, un negocio del que recientemente abri\u00f3 su segundo punto en el municipio de Granada, luego del buen andar de su primer local en Medell\u00edn. A partir de este proyecto pretende mejorar las condiciones de vida de su familia y aportar en la generaci\u00f3n de empleo. \u201cEl tema de los negocios y el querer emprender, empez\u00f3 hace exactamente dos a\u00f1os; decido invertir porque la vida se nos va y m\u00e1s el ciclismo que tiene tan corta vida, pero si uno lo sabe aprovechar puede hacer grandes cosas, entonces es invertir y pensar en un futuro\u201d.<\/p>\n<p style=\"text-align: justify;\"><img loading=\"lazy\" decoding=\"async\" src=\"images\/Eliza_1.jpg\" alt=\"\" width=\"750\" height=\"439\" \/><\/p>\n<p style=\"text-align: justify;\">Tampoco se olvida de quienes influyeron desde un principio en su amor por el ciclismo, en especial por el club de ciclismo que fue el lugar en el que se form\u00f3 para ser hoy una de las pedalistas m\u00e1s destacadas en el pa\u00eds. \u201cDarle gracias al Club Escuela de Ciclismo por las bases que me dieron, por la formaci\u00f3n tanto personal como deportiva\u201d.<\/p>\n<p style=\"text-align: justify;\">De su amor por Granada, Elizabeth cuenta que \u201ccuando estamos ya mucho tiempo fuera de la casa siempre estoy pensando en Granada, en mi casa. Gracias a Dios he podido recorrer much\u00edsimo mundo, y digo que a Granada no lo cambio por nada\u201d.<\/p>\n<p>\u00a0<\/p>\n<p>\u00a0<\/p>\n<p>\u00a0<\/p>\n","protected":false},"excerpt":{"rendered":"<p style=\"text-align: justify;\">Sus primeros a\u00f1os transcurrieron en la vereda Malpaso, donde rodeada de naturaleza y de su familia, aprendi\u00f3 a disfrutar de las cosas m\u00e1s sencillas como cualquier ni\u00f1o de su edad. Estudi\u00f3 en la escuela de la vereda hasta el grado cuarto, cuando ten\u00eda doce a\u00f1os, y posteriormente se traslad\u00f3 junto a sus padres y sus hermanos a la cabecera municipal.<\/p>\n","protected":false},"author":1,"featured_media":0,"comment_status":"open","ping_status":"open","sticky":false,"template":"","format":"standard","meta":{"footnotes":""},"categories":[20],"tags":[],"class_list":["post-639","post","type-post","status-publish","format-standard","hentry","category-columnistas"],"_links":{"self":[{"href":"https:\/\/www.desdegranada.com\/site\/index.php?rest_route=\/wp\/v2\/posts\/639","targetHints":{"allow":["GET"]}}],"collection":[{"href":"https:\/\/www.desdegranada.com\/site\/index.php?rest_route=\/wp\/v2\/posts"}],"about":[{"href":"https:\/\/www.desdegranada.com\/site\/index.php?rest_route=\/wp\/v2\/types\/post"}],"author":[{"embeddable":true,"href":"https:\/\/www.desdegranada.com\/site\/index.php?rest_route=\/wp\/v2\/users\/1"}],"replies":[{"embeddable":true,"href":"https:\/\/www.desdegranada.com\/site\/index.php?rest_route=%2Fwp%2Fv2%2Fcomments&post=639"}],"version-history":[{"count":0,"href":"https:\/\/www.desdegranada.com\/site\/index.php?rest_route=\/wp\/v2\/posts\/639\/revisions"}],"wp:attachment":[{"href":"https:\/\/www.desdegranada.com\/site\/index.php?rest_route=%2Fwp%2Fv2%2Fmedia&parent=639"}],"wp:term":[{"taxonomy":"category","embeddable":true,"href":"https:\/\/www.desdegranada.com\/site\/index.php?rest_route=%2Fwp%2Fv2%2Fcategories&post=639"},{"taxonomy":"post_tag","embeddable":true,"href":"https:\/\/www.desdegranada.com\/site\/index.php?rest_route=%2Fwp%2Fv2%2Ftags&post=639"}],"curies":[{"name":"wp","href":"https:\/\/api.w.org\/{rel}","templated":true}]}}