{"id":651,"date":"2023-07-01T14:37:37","date_gmt":"2023-07-01T14:37:37","guid":{"rendered":"https:\/\/www.desdegranada.com\/site\/?p=651"},"modified":"2023-07-01T14:37:37","modified_gmt":"2023-07-01T14:37:37","slug":"santa-ana-esta-de-fiesta-con-su-tradicional-retorno","status":"publish","type":"post","link":"https:\/\/www.desdegranada.com\/site\/?p=651","title":{"rendered":"Santa Ana est\u00e1 de fiesta con su tradicional retorno"},"content":{"rendered":"<p style=\"text-align: justify;\">Programaci\u00f3n cultural y art\u00edstica, cabalgata; adem\u00e1s de la posibilidad de disfrutar de los atractivos naturales con que cuenta Santa Ana, como el famoso Charco Negro, hacen parte del men\u00fa que nos ofrecen las fiestas durante este fin de semana.<\/p>\n<p style=\"text-align: justify;\"><img loading=\"lazy\" decoding=\"async\" src=\"images\/Fiestas_Santa_Ana_2023.jpg\" alt=\"\" width=\"750\" height=\"439\" \/><\/p>\n<p style=\"text-align: justify;\">Las Fiestas del Retorno son organizadas por la Corporaci\u00f3n Amigos por Santa Ana, con el apoyo del comercio y las instituciones, apuntando a seguir renaciendo en la esperanza.<\/p>\n","protected":false},"excerpt":{"rendered":"<p style=\"text-align: justify;\">Hasta el pr\u00f3ximo 3 de julio el corregimiento de Santa Ana, en Granada, Antioquia, estar\u00e1 de fiesta con su tradicional retorno, una actividad que permite la integraci\u00f3n entre santane\u00f1os residentes en el corregimiento y aquellos que, aunque est\u00e1n en las distintas ciudades del pa\u00eds, no se olvidan de su tierra.<\/p>\n","protected":false},"author":1,"featured_media":0,"comment_status":"open","ping_status":"open","sticky":false,"template":"","format":"standard","meta":{"footnotes":""},"categories":[19],"tags":[],"class_list":["post-651","post","type-post","status-publish","format-standard","hentry","category-noticias"],"_links":{"self":[{"href":"https:\/\/www.desdegranada.com\/site\/index.php?rest_route=\/wp\/v2\/posts\/651","targetHints":{"allow":["GET"]}}],"collection":[{"href":"https:\/\/www.desdegranada.com\/site\/index.php?rest_route=\/wp\/v2\/posts"}],"about":[{"href":"https:\/\/www.desdegranada.com\/site\/index.php?rest_route=\/wp\/v2\/types\/post"}],"author":[{"embeddable":true,"href":"https:\/\/www.desdegranada.com\/site\/index.php?rest_route=\/wp\/v2\/users\/1"}],"replies":[{"embeddable":true,"href":"https:\/\/www.desdegranada.com\/site\/index.php?rest_route=%2Fwp%2Fv2%2Fcomments&post=651"}],"version-history":[{"count":0,"href":"https:\/\/www.desdegranada.com\/site\/index.php?rest_route=\/wp\/v2\/posts\/651\/revisions"}],"wp:attachment":[{"href":"https:\/\/www.desdegranada.com\/site\/index.php?rest_route=%2Fwp%2Fv2%2Fmedia&parent=651"}],"wp:term":[{"taxonomy":"category","embeddable":true,"href":"https:\/\/www.desdegranada.com\/site\/index.php?rest_route=%2Fwp%2Fv2%2Fcategories&post=651"},{"taxonomy":"post_tag","embeddable":true,"href":"https:\/\/www.desdegranada.com\/site\/index.php?rest_route=%2Fwp%2Fv2%2Ftags&post=651"}],"curies":[{"name":"wp","href":"https:\/\/api.w.org\/{rel}","templated":true}]}}