{"id":652,"date":"2023-07-01T15:40:12","date_gmt":"2023-07-01T15:40:12","guid":{"rendered":"https:\/\/www.desdegranada.com\/site\/?p=652"},"modified":"2023-07-01T15:40:12","modified_gmt":"2023-07-01T15:40:12","slug":"con-epm-granada-quiere-encender-la-alegria","status":"publish","type":"post","link":"https:\/\/www.desdegranada.com\/site\/?p=652","title":{"rendered":"Con EPM Granada quiere encender la alegr\u00eda"},"content":{"rendered":"<p style=\"text-align: justify;\">En ese sentido, desde la administraci\u00f3n municipal se ha presentado la propuesta para concursar por uno de los juegos de luces y figuras navide\u00f1as que entrega EPM a varios municipios del departamento a trav\u00e9s de su propuesta \u2018Encendamos la alegr\u00eda\u2019.<\/p>\n<p style=\"text-align: justify;\">Para entrar en el concurso, los encargados de este proceso en Granada han realizado un video cuento, en el que se relata la historia de c\u00f3mo lleg\u00f3 EPM al municipio con sus servicios de energ\u00eda y gas por red.<\/p>\n<p style=\"text-align: justify;\"><img loading=\"lazy\" decoding=\"async\" src=\"images\/Alumbrados_2023.jpg\" alt=\"\" width=\"750\" height=\"439\" \/><\/p>\n<p style=\"text-align: justify;\">Ahora la tarea nos corresponde a quienes tambi\u00e9n queremos que Granada tenga su alumbrado navide\u00f1o, y por eso la invitaci\u00f3n es a reaccionar al video publicado en el facebook de la alcald\u00eda municipal y a compartirlo para que tenga un mayor alcance.<\/p>\n<p style=\"text-align: justify;\">Ay\u00fadanos para que, este a\u00f1o, en Granada disfrutemos de\u00a0los alumbrados de EPM.<\/p>\n<p style=\"text-align: justify;\"><a title=\"\u00bfC\u00f3mo lleg\u00f3 EPM a Granada? Conoce la historia.\" href=\"https:\/\/www.facebook.com\/100063588670157\/videos\/1329025924665189\" target=\"_blank\" rel=\"noopener noreferrer\">\u00bfC\u00f3mo lleg\u00f3 EPM a Granada? Conoce la historia.<\/a><\/p>\n","protected":false},"excerpt":{"rendered":"<p style=\"text-align: justify;\">Como en otros a\u00f1os, Granada viene trabajando para que la \u00e9poca de fin de a\u00f1o est\u00e9 llena de luces y colores con el alumbrado navide\u00f1o y as\u00ed poder alegrar a\u00fan m\u00e1s la temporada decembrina de propios y visitantes.<\/p>\n","protected":false},"author":1,"featured_media":0,"comment_status":"open","ping_status":"open","sticky":false,"template":"","format":"standard","meta":{"footnotes":""},"categories":[19],"tags":[],"class_list":["post-652","post","type-post","status-publish","format-standard","hentry","category-noticias"],"_links":{"self":[{"href":"https:\/\/www.desdegranada.com\/site\/index.php?rest_route=\/wp\/v2\/posts\/652","targetHints":{"allow":["GET"]}}],"collection":[{"href":"https:\/\/www.desdegranada.com\/site\/index.php?rest_route=\/wp\/v2\/posts"}],"about":[{"href":"https:\/\/www.desdegranada.com\/site\/index.php?rest_route=\/wp\/v2\/types\/post"}],"author":[{"embeddable":true,"href":"https:\/\/www.desdegranada.com\/site\/index.php?rest_route=\/wp\/v2\/users\/1"}],"replies":[{"embeddable":true,"href":"https:\/\/www.desdegranada.com\/site\/index.php?rest_route=%2Fwp%2Fv2%2Fcomments&post=652"}],"version-history":[{"count":0,"href":"https:\/\/www.desdegranada.com\/site\/index.php?rest_route=\/wp\/v2\/posts\/652\/revisions"}],"wp:attachment":[{"href":"https:\/\/www.desdegranada.com\/site\/index.php?rest_route=%2Fwp%2Fv2%2Fmedia&parent=652"}],"wp:term":[{"taxonomy":"category","embeddable":true,"href":"https:\/\/www.desdegranada.com\/site\/index.php?rest_route=%2Fwp%2Fv2%2Fcategories&post=652"},{"taxonomy":"post_tag","embeddable":true,"href":"https:\/\/www.desdegranada.com\/site\/index.php?rest_route=%2Fwp%2Fv2%2Ftags&post=652"}],"curies":[{"name":"wp","href":"https:\/\/api.w.org\/{rel}","templated":true}]}}