{"id":653,"date":"2023-07-01T17:37:47","date_gmt":"2023-07-01T17:37:47","guid":{"rendered":"https:\/\/www.desdegranada.com\/site\/?p=653"},"modified":"2023-07-01T17:37:47","modified_gmt":"2023-07-01T17:37:47","slug":"fiestas-patronales-en-santa-ana-una-celebracion-por-todo-lo-alto","status":"publish","type":"post","link":"https:\/\/www.desdegranada.com\/site\/?p=653","title":{"rendered":"Fiestas patronales en Santa Ana, una celebraci\u00f3n por todo lo alto"},"content":{"rendered":"<p style=\"text-align: justify;\">Por: Climaco Giraldo Hoyos.<\/p>\n<p style=\"text-align: justify;\">En esta l\u00ednea, desde el viernes 23 de junio se vienen celebrando las Fiestas Patronales dedicadas a Santa Ana, quien en el catolicismo es la abuela del Se\u00f1or Jesucristo. A dicha santa, est\u00e1 encomendada la comunidad santane\u00f1a y tanto la parroquia como la ciudadela lleva el nombre de Santa Ana.<\/p>\n<p style=\"text-align: justify;\"><img loading=\"lazy\" decoding=\"async\" src=\"images\/Fiestas_patronales_Santa_Ana_1.jpg\" alt=\"\" width=\"750\" height=\"439\" \/><\/p>\n<p style=\"text-align: justify;\">Las distintas celebraciones religiosas han estado cargadas de solemnidad y, de la misma manera, se ha evidenciado una activa participaci\u00f3n de la feligres\u00eda en cada una de las funciones, que van desde el rosario de aurora, cuarenta horas, trisagio, charlas para la comunidad, y por supuesto el rezo de la novena a la santa patrona y la eucarist\u00eda solemne todos estos d\u00edas.<\/p>\n<p style=\"text-align: justify;\"><img loading=\"lazy\" decoding=\"async\" src=\"images\/Fiestas_patronales_Santa_Ana_2.jpg\" alt=\"\" width=\"750\" height=\"439\" \/><\/p>\n<p style=\"text-align: justify;\">Un hecho que ha marcado esta celebraci\u00f3n religiosa en el corregimiento, ha sido la presencia del canal Vahos TV, que ha transmitido las principales funciones, con el prop\u00f3sito de conectar a\u00fan m\u00e1s con su tierra a los oriundos de Santa Ana que hoy est\u00e1n dispersos por toda la geograf\u00eda nacional.<\/p>\n<p style=\"text-align: justify;\">Estos \u00faltimos d\u00edas de las fiestas patronales, contin\u00faan las cuarenta horas, la novena y la eucarist\u00eda, y el domingo, d\u00eda cl\u00e1sico, para clausurar la festividad religiosa, se tendr\u00e1 la procesi\u00f3n con la imagen de Santa Ana y eucarist\u00eda campal en la plaza principal con la presencia de las colonias santane\u00f1as y dem\u00e1s visitantes, que asisten tambi\u00e9n para ser part\u00edcipes de las Fiestas del Retorno.<\/p>\n<p>\u00a0<\/p>\n","protected":false},"excerpt":{"rendered":"<p style=\"text-align: justify;\">Al padre Fernando Monsalve, actual p\u00e1rroco de la parroquia Santa Ana, se le ha visto una gran motivaci\u00f3n en la misi\u00f3n evangelizadora que viene realizando en el corregimiento desde que asumi\u00f3 a comienzos de 2023. Durante este tiempo se han reactivado las diferentes pastorales y se ha promovido que sea la misma comunidad la que lidere las diversas actividades que se realizan en la poblaci\u00f3n.<\/p>\n","protected":false},"author":1,"featured_media":0,"comment_status":"open","ping_status":"open","sticky":false,"template":"","format":"standard","meta":{"footnotes":""},"categories":[20],"tags":[],"class_list":["post-653","post","type-post","status-publish","format-standard","hentry","category-columnistas"],"_links":{"self":[{"href":"https:\/\/www.desdegranada.com\/site\/index.php?rest_route=\/wp\/v2\/posts\/653","targetHints":{"allow":["GET"]}}],"collection":[{"href":"https:\/\/www.desdegranada.com\/site\/index.php?rest_route=\/wp\/v2\/posts"}],"about":[{"href":"https:\/\/www.desdegranada.com\/site\/index.php?rest_route=\/wp\/v2\/types\/post"}],"author":[{"embeddable":true,"href":"https:\/\/www.desdegranada.com\/site\/index.php?rest_route=\/wp\/v2\/users\/1"}],"replies":[{"embeddable":true,"href":"https:\/\/www.desdegranada.com\/site\/index.php?rest_route=%2Fwp%2Fv2%2Fcomments&post=653"}],"version-history":[{"count":0,"href":"https:\/\/www.desdegranada.com\/site\/index.php?rest_route=\/wp\/v2\/posts\/653\/revisions"}],"wp:attachment":[{"href":"https:\/\/www.desdegranada.com\/site\/index.php?rest_route=%2Fwp%2Fv2%2Fmedia&parent=653"}],"wp:term":[{"taxonomy":"category","embeddable":true,"href":"https:\/\/www.desdegranada.com\/site\/index.php?rest_route=%2Fwp%2Fv2%2Fcategories&post=653"},{"taxonomy":"post_tag","embeddable":true,"href":"https:\/\/www.desdegranada.com\/site\/index.php?rest_route=%2Fwp%2Fv2%2Ftags&post=653"}],"curies":[{"name":"wp","href":"https:\/\/api.w.org\/{rel}","templated":true}]}}