{"id":654,"date":"2023-07-05T22:23:37","date_gmt":"2023-07-05T22:23:37","guid":{"rendered":"https:\/\/www.desdegranada.com\/site\/?p=654"},"modified":"2023-07-05T22:23:37","modified_gmt":"2023-07-05T22:23:37","slug":"comunidad-granadina-honra-a-la-virgen-del-carmen-en-sus-fiestas","status":"publish","type":"post","link":"https:\/\/www.desdegranada.com\/site\/?p=654","title":{"rendered":"Comunidad granadina honra a la Virgen del Carmen en sus fiestas"},"content":{"rendered":"<p style=\"text-align: justify;\">Con actividades cargadas de cultura, pero sin perder el sentido primordial de la religiosidad, este a\u00f1o las fiestas tendr\u00e1n lugar entre el 7 y el 15 de julio con el rezo de la novena, el santo rosario y la sagrada eucarist\u00eda, adem\u00e1s de los retiros espirituales para los se\u00f1ores, de los que vienen a participar incluso granadinos residentes en las distintas ciudades del pa\u00eds.<\/p>\n<p style=\"text-align: justify;\"><img loading=\"lazy\" decoding=\"async\" src=\"images\/Virgen_del_Carmen_2023.jpg\" alt=\"\" width=\"750\" height=\"439\" \/><\/p>\n<p style=\"text-align: justify;\">Tambi\u00e9n habr\u00e1 espacio para el popular desfile de carros que, como cada a\u00f1o, pretende bendecir a los transportadores y sus veh\u00edculos por ser la Virgen del Carmen su patrona.<\/p>\n<p style=\"text-align: justify;\">El s\u00e1bado 15 de julio, se realizar\u00e1 la procesi\u00f3n con la imagen de la Virgen por las principales calles del municipio, seguida de la eucarist\u00eda solemne; y para clausurar con broche de oro este homenaje a la Reina del Cielo, se llevar\u00e1 a cabo un concierto mariano para el recogimiento y disfrute de toda la comunidad granadina.<\/p>\n<p style=\"text-align: justify;\">Los invitamos a participar con fervor de las Fiestas a la Virgen del Carmen.<\/p>\n","protected":false},"excerpt":{"rendered":"<p style=\"text-align: justify;\">Una de las celebraciones religiosas m\u00e1s tradicionales y que cuenta con mayor acogida por parte de los fieles granadinos, son las Fiestas en Honor a la Virgen del Carmen, que se desarrollan durante la segunda semana del mes de julio.<\/p>\n","protected":false},"author":1,"featured_media":0,"comment_status":"open","ping_status":"open","sticky":false,"template":"","format":"standard","meta":{"footnotes":""},"categories":[19],"tags":[],"class_list":["post-654","post","type-post","status-publish","format-standard","hentry","category-noticias"],"_links":{"self":[{"href":"https:\/\/www.desdegranada.com\/site\/index.php?rest_route=\/wp\/v2\/posts\/654","targetHints":{"allow":["GET"]}}],"collection":[{"href":"https:\/\/www.desdegranada.com\/site\/index.php?rest_route=\/wp\/v2\/posts"}],"about":[{"href":"https:\/\/www.desdegranada.com\/site\/index.php?rest_route=\/wp\/v2\/types\/post"}],"author":[{"embeddable":true,"href":"https:\/\/www.desdegranada.com\/site\/index.php?rest_route=\/wp\/v2\/users\/1"}],"replies":[{"embeddable":true,"href":"https:\/\/www.desdegranada.com\/site\/index.php?rest_route=%2Fwp%2Fv2%2Fcomments&post=654"}],"version-history":[{"count":0,"href":"https:\/\/www.desdegranada.com\/site\/index.php?rest_route=\/wp\/v2\/posts\/654\/revisions"}],"wp:attachment":[{"href":"https:\/\/www.desdegranada.com\/site\/index.php?rest_route=%2Fwp%2Fv2%2Fmedia&parent=654"}],"wp:term":[{"taxonomy":"category","embeddable":true,"href":"https:\/\/www.desdegranada.com\/site\/index.php?rest_route=%2Fwp%2Fv2%2Fcategories&post=654"},{"taxonomy":"post_tag","embeddable":true,"href":"https:\/\/www.desdegranada.com\/site\/index.php?rest_route=%2Fwp%2Fv2%2Ftags&post=654"}],"curies":[{"name":"wp","href":"https:\/\/api.w.org\/{rel}","templated":true}]}}