{"id":655,"date":"2023-07-07T21:11:38","date_gmt":"2023-07-07T21:11:38","guid":{"rendered":"https:\/\/www.desdegranada.com\/site\/?p=655"},"modified":"2023-07-07T21:11:38","modified_gmt":"2023-07-07T21:11:38","slug":"falsos-positivos-de-dabeiba-que-el-agua-siga-corriendo-sin-sangre","status":"publish","type":"post","link":"https:\/\/www.desdegranada.com\/site\/?p=655","title":{"rendered":"Falsos positivos de Dabeiba: \u201cque el agua siga corriendo sin sangre\u00bb"},"content":{"rendered":"<p style=\"text-align: justify;\">Por:\u00a0Hugo de Jes\u00fas Tamayo.\u00a0<\/p>\n<ul style=\"text-align: justify;\">\n<li>Cr\u00f3nica del acto de reconocimiento en Medell\u00edn, donde militares reconocieron haber desaparecido habitantes de calle.<\/li>\n<li>Los militares reconocieron con crudeza, pero al mismo tiempo con respeto, los asesinatos de inocentes.<\/li>\n<li>Por primera vez la justicia escuch\u00f3 a habitantes de calle como v\u00edctimas de los militares.<\/li>\n<\/ul>\n<p style=\"text-align: justify;\">Al frente de los asientos de los ausentes, tambi\u00e9n estaban exhibidas sus fotos acompa\u00f1adas de ramos de flores y leyendas alusivas a lo que aqu\u00ed se convocaba: \u201cverdad, justicia, reconciliaci\u00f3n, reparaci\u00f3n y no repetici\u00f3n\u201d, como luego se rezar\u00eda una y otra vez, en especial, por los magistrados de la Jurisdicci\u00f3n Especial para la Paz (JEP). En\u00a0 los alrededores de la sala tambi\u00e9n se apreciaban varios cuadros que representan la forma c\u00f3mo los militares enga\u00f1aban a las v\u00edctimas para llev\u00e1rselas a hacer el \u00faltimo recorrido de sus vidas. Las pinturas ten\u00edan una leyenda abajo en estos cuadros: \u00bf<em>D\u00f3nde est\u00e1n<\/em>?<\/p>\n<p style=\"text-align: justify;\">Era jueves 29 de junio, a las 7:00 am, y la plazoleta que le antecede al auditorio de la Terminal del Norte de Medell\u00edn, estaba plagada de agentes de polic\u00eda, periodistas e invitados, todos a la expectativa del segundo d\u00eda de la audiencia de reconocimiento de verdad de la JEP sobre los 49 \u201cfalsos positivos\u201d cometidos por militares en Dabeiba. A esa hora lleg\u00f3 un hombre de saco azul, bajito, blanco, de gafas trasparentes, resguardado por tres hombres vestidos totalmente de negro. Era el magistrado Alejandro Ramelli, a quien de inmediato lo asaltaron con c\u00e1maras y micr\u00f3fonos, queriendo saber detalles del evento.<\/p>\n<p style=\"text-align: justify;\">Despu\u00e9s de que el magistrado Ramelli atendiera a los periodistas, se desplaz\u00f3 hacia el recinto: \u00e9l se mov\u00eda dos pasos y sus escoltas daban tres o cuatro hacia adelante, hacia los lados. Dos de ellos, casi que caminando de espaldas, miraban alrededor. Siempre a la expectativa. No era simple paranoia, Ramelli y otras 11 personas involucradas con el caso del cementerio de Dabeiba \u2014entre magistrados y comparecientes\u2014 hab\u00edan sufrido amenazas en los \u00faltimos meses antes de audiencia. El objetivo claro de las amenazas era que no se realizara la audiencia y que los testimonios no salieran a la luz.<\/p>\n<p style=\"text-align: justify;\">Cuando el magistrado estaba ubicado arriba, sentado para escuchar las versiones de v\u00edctimas y comparecientes, Ramelli ya no estaba acompa\u00f1ado por sus escoltas. En su lugar, ante sus pies, lo acompa\u00f1aban las catorce fotos de las almas ausentes.<\/p>\n<p style=\"text-align: justify;\"><strong>El acto de reconocimiento<\/strong><\/p>\n<p style=\"text-align: justify;\">El magistrado \u00d3scar Parra pregunt\u00f3 al grupo de los ocho militares comparecientes: \u201c\u00bfUstedes son responsables? \u00bfTodos son responsables?\u201d. Uno de ellos movi\u00f3 t\u00edmidamente la cabeza, mientras los dem\u00e1s callaban en arrepentimiento.<\/p>\n<p style=\"text-align: justify;\">Pocas veces he visto un recinto tan atento, tan callado, suspirar en silencio. Parec\u00eda m\u00e1s a un velorio que una audiencia. El p\u00fablico no se miraba entre s\u00ed. \u201cEst\u00e1n prohibidos los gestos\u201d, hab\u00eda dicho la secretaria judicial antes de empezar. Y hubo cero gestos. Luego empezaron las declaraciones de los militares. Las narraciones de los hechos, a medida que avanzaban, sub\u00edan de tono y eran de no creer. Mi ansiedad por el evento pronto cambi\u00f3 por la rabia, pues los comparecientes estaban dando respuesta a lo que les pidi\u00f3 el magistrado Ramelli: \u201ccuenten los hechos. Los enga\u00f1os\u201d.<\/p>\n<p style=\"text-align: justify;\">El primer en hablar fue el sargento retirado Fidel Iv\u00e1n Ochoa Blanco, exintegrante del batall\u00f3n de Contraguerrilla N.\u00b0 79. Entre muchas cosas, dijo: \u201cFue el comandante del batall\u00f3n quien nos suministr\u00f3 los recursos econ\u00f3micos para trasladarnos aqu\u00ed, a esta terminal. Este es el sitio simb\u00f3lico para hacer esta audiencia, porque, as\u00ed como para Jhon Jarvi Cano (v\u00edctima enga\u00f1ada) estos fueron sus \u00faltimos pasos, estos tambi\u00e9n fueron los de muchos que perdieron la vida en este \u2018patr\u00f3n dos\u2019\u201d.<\/p>\n<p style=\"text-align: justify;\">Ochoa se refer\u00eda al segundo patr\u00f3n macrocriminal que identific\u00f3 la JEP en los \u201cfalsos positivos\u201d desaparecidos en el cementerio de Dabeiba. La raz\u00f3n por la que en Medell\u00edn se realiza una segunda jornada de una audiencia sobre unos cr\u00edmenes cometidos en Urab\u00e1 es porque fue en esta ciudad en la que estos militares buscaron a personas vulnerables, como habitantes de calle o personas con problemas de drogadicci\u00f3n, para enga\u00f1arlos, asesinarlos y luego reportarlos falsamente como bajas en combate. \u201cDesde aqu\u00ed llevamos con enga\u00f1os a un joven a inmediaciones de Dabeiba\u201d, dijo.<\/p>\n<p style=\"text-align: justify;\">El sargento retirado Ochoa, hablaba con voz clara y fuerte. En ocasiones, mov\u00eda su cuerpo hacia atr\u00e1s y hacia adelante, en otros espacios, desplazaba sus piernas de derecha a izquierda, derecha, izquierda. Estaba nervioso. \u201cPero tambi\u00e9n como comandante de pelot\u00f3n, a los soldados bajo mi mando \u2014y los se\u00f1al\u00f3\u2014 los comenzamos a ilustrar. Soldados que se convirtieron en los reclutadores de los posteriores casos de \u2018falsos positivos\u2019. No como dicen los superiores de nosotros, que no quieren aceptar esta responsabilidad. No \u00e9ramos ruedas sueltas. Hab\u00eda una jerarqu\u00eda al mando\u201d, cont\u00f3.<\/p>\n<p style=\"text-align: justify;\">Y sigui\u00f3 con vehemencia: \u201cLo voy a repetir y s\u00e9 que esto me trae consecuencias. Me puede traer hasta la muerte. Puedo estar tir\u00e1ndome una l\u00e1pida encima. (&#8230;) Esos \u2018falsos positivos\u2019 se vuelven sistem\u00e1ticos cuando el general Montoya se vuelve comandante de la S\u00e9ptima Divisi\u00f3n del Ej\u00e9rcito\u201d, dijo Ochoa. Reiterando que las presiones por bajas ven\u00edan desde los mandos militares m\u00e1s altos como el general Mario Montoya, quien lleg\u00f3 a ser comandante del Ej\u00e9rcito.<\/p>\n<p style=\"text-align: justify;\">Pero entre todas las confesiones que hicieron estos militares la que m\u00e1s me caus\u00f3 impresi\u00f3n fue la del sargento retirado Jaime Coral. Cuando se par\u00f3 para presentarse, me asombr\u00e9 de que un hombre como \u00e9l \u2014bajito, un poco delgado, mirada dubitativa, repito, un hombre como \u00e9l\u2014 hubiera sido capaz de cometer los cr\u00edmenes que con su misma voz confes\u00f3: \u201cHe asesinado a 54 personas\u201d. Esa frase la escuch\u00e9 antes de la audiencia, pues Coral la dijo dos d\u00edas antes en Dabeiba y sali\u00f3 por televisi\u00f3n nacional. Despu\u00e9s de escuchar sus palabras guard\u00e9 en mi cabeza su rostro.<\/p>\n<p style=\"text-align: justify;\">Momentos antes de que iniciara formalmente la audiencia, empec\u00e9 a buscarlo hasta que lo identifiqu\u00e9 sentado en las sillas frente al p\u00fablico. Desde mi silla, que estaba en la ante pen\u00faltima fila, no lo perd\u00ed de vista, pues esa cifra, \u201c54\u201d, es el mismo saldo de bajas que la guerrilla de las Farc le caus\u00f3 en ese mismo municipio al Ej\u00e9rcito, cuando este fue a apoyar a la polic\u00eda en medio de una toma guerrillera, <a href=\"https:\/\/www.las2orillas.co\/gatico-gatico-no-se-vaya-hacer-matar-por-mi\/\">el 19 de octubre del a\u00f1o 2000.<\/a><\/p>\n<p style=\"text-align: justify;\">Esa coincidencia me llen\u00f3 de un mar de preguntas para ese suboficial. Las escrib\u00eda en una libreta, pero a cada instante me aparec\u00edan m\u00e1s interrogantes y cada que lo miraba, all\u00ed, en esa silla, me llegaba una pregunta m\u00e1s: \u00bfQu\u00e9 recuerda de esa toma? \u00bfFue coincidencia o usted no ten\u00eda en mente esa cifra, 54? \u00bfApuntaba en un papelito para ir igualando esa cifra? \u00bfTen\u00eda rabia y sed de venganza por esta masacre? \u00bfQu\u00e9 piensa su familia de esto?. Y, mientras segu\u00eda con telara\u00f1as en mi cabeza, \u00e9l empez\u00f3 con su confesi\u00f3n: \u201cSoy un campesino que me equivoqu\u00e9 al tomar este rumbo\u2026\u201d.<\/p>\n<p style=\"text-align: justify;\">Entonces, el sargento retirado Ochoa pidi\u00f3 de nuevo la palabra: \u201cQuiero limpiar el nombre de estas personas\u201d. Mirando las hojas impresas con los nombres, como para pedir perd\u00f3n, se dispuso a caminar por el frente de esa primera fila de sillas vac\u00edas y uno a uno fue leyendo los nombres de ellas. A medida que le\u00eda, daba un paso m\u00e1s y, cuando ley\u00f3 el \u00faltimo nombre, alz\u00f3 la voz como si quisiera levantar de la tumba a esos inocentes: \u201c\u00a1Nunca hicieron parte de un grupo al margen de la ley! \u00a1Al contrario, eran personas buenas, honestas, al igual que sus familiares!\u201d.<\/p>\n<p style=\"text-align: justify;\">Ochoa hizo una pausa para hablar de \u00e9l mismo, de su humanidad. Reconoci\u00f3 que hab\u00eda estado 9 a\u00f1os en prisi\u00f3n antes de acogerse a la JEP y entrar en un proceso de justicia restaurativa. \u201cEn esos nueve a\u00f1os no logr\u00e9 resocializarme porque pensaba igual que como entr\u00e9 (&#8230;) Porque como dec\u00edan la mayor\u00eda de las v\u00edctimas y tienen toda la raz\u00f3n: \u00e9ramos unos criminales. Yo considero que \u00e9ramos, porque ya no lo somos, pensamos diferente. Le digo a las v\u00edctimas, la JEP nos ha cambiado esa mentalidad\u201d.<\/p>\n<p style=\"text-align: justify;\"><img loading=\"lazy\" decoding=\"async\" src=\"images\/Falsos_positivos_Dabeiba_1.jpg\" alt=\"\" width=\"750\" height=\"439\" \/><\/p>\n<p style=\"text-align: justify;\"><strong>Los cr\u00edmenes contra los m\u00e1s vulnerables<\/strong><\/p>\n<p style=\"text-align: justify;\">\u201c\u00bfPor qu\u00e9 Medell\u00edn? \u00bfQu\u00e9 ten\u00eda en particular?\u201d, pregunt\u00f3 la magistrada Nadiezhda Henr\u00edquez a los militares. La respuesta fue la b\u00fasqueda de impunidad. \u201cPorque se le dificultar\u00eda m\u00e1s a un familiar de una v\u00edctima para buscarlo. En Medell\u00edn hay m\u00e1s personas de calle [habitantes de calle] que en un municipio peque\u00f1o\u201d, dijo el sargento retirado Ochoa.<\/p>\n<p style=\"text-align: justify;\">Fue justo de los habitantes de calle, de sus ilusiones, de sus carencias, de su vulnerabilidad, que los militares se aprovecharon para enga\u00f1arlos y llevarlos hasta Dabeiba, donde encontraron la muerte. Por eso, esta audiencia en Medell\u00edn buscaba restaurar la dignidad y los derechos que a esta poblaci\u00f3n le negaron sus victimarios.<\/p>\n<p style=\"text-align: justify;\">\u201cMe atrevo a afirmar que es la primera vez que la justicia colombiana escucha a los habitantes de la calle en Colombia\u201d dijo el magistrado Alejandro Ramelli. \u201cY esto es la justicia transicional, que las v\u00edctimas tengan voz. La voz de los que no tienen voz\u201d.<\/p>\n<p style=\"text-align: justify;\">As\u00ed lleg\u00f3 el momento de hablar de dos mujeres que fueron habitantes de calle. Pasaron al frente y se presentaron. \u201cSoy Helen Durango Mu\u00f1oz, fui habitante de calle por 29 a\u00f1os\u201d, mientras dec\u00eda su identidad, negada a las v\u00edctimas que a\u00fan siguen sin nombre, desenterradas del cementerio de Dabeiba, su compa\u00f1era sosten\u00eda sobre el pecho la leyenda: \u201c\u00bf<em>Desechable qui\u00e9n<\/em>?\u201d<\/p>\n<p style=\"text-align: justify;\">Luego su amiga Omaira Estela Montoya tom\u00f3 la palabra y Helen sostuvo otro cartel que dec\u00eda: \u201c<em>La vida de los de la calle importa<\/em>\u201d. Ellas, al igual que algunas de las \u201cMadres de la Candelaria\u201d, estaban ah\u00ed como madrinas de 17 cuerpos enterrados en el cementerio Las mercedes de Dabeiba y que no hab\u00edan sido identificados, pues muchos de ellos fueron habitantes de calle enga\u00f1ados. \u201cNo buscamos a personas de un sector, buscamos a personas que tuvieran una debilidad y eso fue lo que hicieron mis hombres\u201d, dijo \u00a0<\/p>\n<p style=\"text-align: justify;\">\u201c\u00bfD\u00f3nde est\u00e1 mi compa\u00f1era, la que me tra\u00eda el chute, el sobrado? Cuando yo estaba enferma, tirada en una acera, se turnaban ellos para traerme comida. Los habitantes de calle somos muy solidarios\u201d, dijo Omaira, quien vivi\u00f3 40 a\u00f1os en las calles y vio c\u00f3mo sus amigos de acera desaparecieron de un d\u00eda para otro.<\/p>\n<p style=\"text-align: justify;\">Omaira continu\u00f3 su intervenci\u00f3n. Le\u00eda un documento donde expon\u00eda sus apreciaciones y demandas por los hechos. Tanto ella como Helen les tocaba en repetidas ocasiones suspender la lectura, pues su voz se les entrecortaba cuando estaban exponiendo. Narraban historias que les tra\u00eda malos recuerdos o mucha nostalgia, por eso paraban y le dec\u00edan al p\u00fablico, \u201cperd\u00f3n\u201d, y segu\u00edan. Por momentos, en medio de la lectura, bajaban las hojas y daban una mirada al escenario, pero sobre todo a los comparecientes. Y ellos, con mucho respeto, les sosten\u00edan la mirada. Omaira, para finalizar su intervenci\u00f3n, termin\u00f3 con la misma pregunta impresa que tuvo en una hoja contra su pecho: <em>\u201c\u00bfDesechable qui\u00e9n?\u201d<\/em><\/p>\n<p style=\"text-align: justify;\">Las Madres de la Candelaria, junto con Helen y Omaira Estela, pidieron un peque\u00f1o espacio para enrollar, sobre un peque\u00f1o tapete, los papeles con las frases antes mencionadas y las hojas de los discursos y peticiones para una futura reparaci\u00f3n. Luego depositaron el tapete con su contenido al pie de las 14 fotos, como pidi\u00e9ndole a esas almas que ayuden a encontrar las familias biol\u00f3gicas de los dem\u00e1s cuerpos que no han sido identificados. Helen, cuando estaba inclinada, mirando d\u00f3nde quedaba dicho tejido, dijo pasito: \u201cyo s\u00e9 que ustedes nos ayudan\u201d.<\/p>\n<p style=\"text-align: justify;\"><strong>Compromisos de reparaci\u00f3n<\/strong><\/p>\n<p style=\"text-align: justify;\">\u201cMe comprometo, como dicen las v\u00edctimas, con un mural en Dabeiba, un mural en Medell\u00edn. Lo vamos a materializar\u201d, dijo el sargento retirado Ochoa. Tambi\u00e9n se levant\u00f3 el coronel retirado Efra\u00edn Prado y les dijo a las v\u00edctimas: \u201cVamos a tratar de cumplirles con todos esos eventos que ustedes han propuesto. Vamos a tocar puertas en alcald\u00edas, gobernaciones porque para todo se necesita dinero\u201d.<\/p>\n<p style=\"text-align: justify;\">Esta parte no es meramente simb\u00f3lica. Los comparecientes a la JEP se comprometieron a aportar verdad sobre sus cr\u00edmenes cometidos en el marco del conflicto armado y a reparar a sus v\u00edctimas a cambio de condenas alternativas, que en toda caso no implican c\u00e1rcel. A cambio, deben asumir sanciones restaurativas, que nacen de las demandas de las v\u00edctimas.<\/p>\n<p style=\"text-align: justify;\">Los comparecientes se comprometieron a cumplir con \u201cquince necesidades\u201d de las v\u00edctimas, como lo prometi\u00f3 el mayor retirado Hermes Mauricio Alvarado. Esto implica su compromiso con trabajar en hacer v\u00edas terciarias, construir galpones de gallinas y especialmente seguir buscando las familias de los cuerpos aun sin identificar encontrados en el cementerio Las Mercedes.<\/p>\n<p style=\"text-align: justify;\">Pero esa reparaci\u00f3n tambi\u00e9n implica la reconciliaci\u00f3n. Antes de cerrar el evento formal, la magistrada Nadiezhda Henr\u00edquez invit\u00f3 al sargento (r) Ochoa para que hiciera un acto simb\u00f3lico de reconciliaci\u00f3n que ten\u00eda programado.<\/p>\n<p style=\"text-align: justify;\">Ochoa se puso de pie con dos mochilas en sus manos.\u201cYo le hab\u00eda prometido a do\u00f1a Amparo (Amparo del Socorro Cano) algo simb\u00f3lico con el nombre de su hijo. Quiero manifestarle que esta mochila la constru\u00ed yo mismo\u201d, le dijo Ochoa a la madre de Jhoin Jarvi Cano, la primera v\u00edctima que los militares del Batall\u00f3n de Contraguerrillas N.\u00b079 enga\u00f1aron para luego asesinar.<\/p>\n<p style=\"text-align: justify;\">\u201cEsta mochila viene llena de arrepentimiento. Hoy quiero d\u00e1rsela a do\u00f1a Amparo porque yo contribu\u00ed con la muerte de su hijo y hoy quiero decirle que esas manos que fueron utilizadas para hacer el mal, hoy fueron utilizadas para hacer algo con el nombre de su hijo\u201d, dijo el sargento.<\/p>\n<p style=\"text-align: justify;\">La se\u00f1ora Amparo miraba hacia el cielo con sus ojos enlagunados, cuando recibi\u00f3 en sus manos una mochila con el nombre \u201cJhon\u201d en la parte frontal.\u00a0 El sargento (r)\u00a0 Ochoa, despu\u00e9s de terminar sus palabras, le colg\u00f3 la mochila del cuello y la abraz\u00f3. Inmediatamente que se desprendieran, ella, con su mano derecha, se limpi\u00f3 las l\u00e1grimas. No se le escuch\u00f3 una sola palabra, la se\u00f1ora solo tom\u00f3 de nuevo asiento.<\/p>\n<p style=\"text-align: justify;\">Despu\u00e9s, el militar tom\u00f3 otra modelo de su fabricaci\u00f3n y anunci\u00f3: \u201cTambi\u00e9n quise hacer esta mochila sin nombre, porque es el s\u00edmbolo a esas v\u00edctimas que su familiar no ha encontrado y quiero entreg\u00e1rsela a una persona de Dabeiba que ha luchado por encontrar a su hermano. Se la entrego al se\u00f1or Javier y vamos a aportar todo lo que est\u00e9 al alcance de nosotros para encontrarlo y que eso se d\u00e9. Gracias, gracias, gracias\u201d.<\/p>\n<p style=\"text-align: justify;\"><strong><img loading=\"lazy\" decoding=\"async\" src=\"images\/Falsos_positivos_Dabeiba_2.jpg\" width=\"750\" height=\"439\" \/><\/strong><\/p>\n<p style=\"text-align: justify;\"><strong>Palabras finales<\/strong><\/p>\n<p style=\"text-align: justify;\">Finalizado el evento, los periodistas se abalanzaron, hacia los magistrados para preguntarles por las amenazas del Clan del Golfo, como lo rese\u00f1\u00f3 la prensa en d\u00edas anteriores. Yo sorte\u00e9 sillas, cables, tr\u00edpodes con sus c\u00e1maras instaladas y p\u00fablico en general y llegu\u00e9 donde el sargento retirado Jaime Coral. Me le acerqu\u00e9, por un lado, me le present\u00e9, le narr\u00e9 en dos o tres frases la masacre de las Farc en Dabeiba en la que 54 militares fueron asesinados. Le pregunt\u00e9 sobre la coincidencia de esa cifra: 54, que es la misma que \u00e9l confes\u00f3. \u201cLa verdad, sobre esa coincidencia, yo no hab\u00eda ca\u00eddo en cuenta\u201d, fue su respuesta. Luego se alej\u00f3 para responder otras preguntas.<\/p>\n<p style=\"text-align: justify;\">Entonces vi a Javier Fernando Durango, quien recibi\u00f3 una mochila sin nombre en representaci\u00f3n de quienes que a\u00fan buscan a sus familiares, como \u00e9l encontr\u00f3 el cuerpo de su hermano el a\u00f1o pasado despu\u00e9s de que fuera identificado dentro de los \u201cfalsos positivos\u201d del cementerio de Dabeiba.<\/p>\n<p style=\"text-align: justify;\">\u2500Con estos eventos, en particular con el de hoy, \u00bfdescansa usted un poco?\u2014 le pregunt\u00e9.<\/p>\n<p style=\"text-align: justify;\">\u2500Lo tomo como si fuera un agua tibia \u2014fue su respuesta.<\/p>\n<p style=\"text-align: justify;\">\u2500\u00bfEsto no sirve de mucho?\u2014 lo interpel\u00e9.<\/p>\n<p style=\"text-align: justify;\">\u2500No, es como si una agua tibia lo fuera a uno refrescando poquito a poco \u2500me dijo mientras pasaba su palma derecha rozando la piel del otro brazo\u2500. Como si esa agua tibia me fuera alivianando el dolor. Como si fuera alivianando poquito a poco este sufrimiento. Esto es un paso m\u00e1s. Se va uno arrimando cada d\u00eda m\u00e1s a la verdad y conocer esa verdad. Entonces yo veo que en estos encuentros voy teniendo un poco de alivio. Se van sanando los dolores, pero con despacio. Con algo tiempo, pero todav\u00eda no se han sanado las heridas ni se ha sanado todo dolor. Falta mucho.<\/p>\n<p style=\"text-align: justify;\">\u2500\u00bfQu\u00e9 m\u00e1s espera por la desaparici\u00f3n de \u00d3scar de Jes\u00fas, su hermano? \u2014indagu\u00e9 un poco.<\/p>\n<p style=\"text-align: justify;\">\u2500Que se diga la verdad, que se haga justicia, que no se vuelva a repetir\u2014 dijo.<\/p>\n<p style=\"text-align: justify;\">No me quise quedar con esa respuesta que todos los colombianos sabemos de memoria, como un guion y que se dice en todo encuentro de v\u00edctimas. Frase que campesinos humildes, como Javier, la recitan de corrido como si la hubieran ensayado.<\/p>\n<p style=\"text-align: justify;\">\u2500 \u00bfUsted no espera nada econ\u00f3mico?\u2014 le volv\u00ed a preguntar:<\/p>\n<p style=\"text-align: justify;\">\u2500 No, no, no\u2014 contest\u00f3 rotundamente\u2014 Eso no alivia los males que tenemos. Lo que queremos es que se haga justicia, a nivel mundial. Que no se vuelva a estigmatizar otra vez a mi pueblo y tampoco se vuelva a derramar m\u00e1s sangre. Es lo que yo anhelo m\u00e1s en esta vida.<\/p>\n<p style=\"text-align: justify;\">\u2500Usted est\u00e1 de acuerdo con lo que piden y lo leyeron hoy, como por ejemplo, que les prometieron un galp\u00f3n de gallinas. \u00bfC\u00f3mo toma usted este proyecto?<\/p>\n<p style=\"text-align: justify;\">\u00a0<\/p>\n<p style=\"text-align: justify;\">\u2500 Esos pollos los tomo yo como un est\u00edmulo a lo que ten\u00eda mi abuelo, pero aparte de esos animales, necesitamos que vayan m\u00e1s all\u00e1. Que se mejoren las condiciones al campesino. No tanto los animales, necesitamos que el campo vuelva a ser as\u00ed como antes. Necesitamos que el agua siga corriendo limpiamente\u2014 dijo esto y alarg\u00f3 su mano como si quisiera mostrar el caudal de un r\u00edo.<\/p>\n<p style=\"text-align: justify;\">\u2500\u00bfC\u00f3mo as\u00ed? \u2014le pregunt\u00e9.<\/p>\n<p style=\"text-align: justify;\">\u2014S\u00ed, necesitamos que esa agua no siga manch\u00e1ndose de sangre. Que siga corriendo limpia\u2014 dijo mientras el recinto ya estaba casi vac\u00edo y en silencio.<\/p>\n<p style=\"text-align: justify;\">\u00a0<\/p>\n<p style=\"text-align: justify;\">FIN<\/p>\n","protected":false},"excerpt":{"rendered":"<p style=\"text-align: justify;\">El auditorio Mariano Ospina P\u00e9rez, de la Terminal del Norte de Medell\u00edn, estaba preparado con cerca de ciento cincuenta sillas para escuchar la verdad. Las primeras ocho sillas, al fondo y a la derecha, estaban acomodadas de frente al p\u00fablico y eran donde se sentar\u00edan los militares que reconocer\u00edan su responsabilidad por asesinar inocentes. En la primera fila del p\u00fablico, mirando hacia el estrado, hab\u00eda catorce asientos que ten\u00edan unas hojas tama\u00f1o carta pegadas en la parte delantera del espaldar, las cuales llevaban impresos los nombres de las personas que nunca las ocupar\u00edan: las v\u00edctimas identificadas de los \u201cfalsos positivos\u201d que enterraron en el cementerio Las Mercedes del municipio de Dabeiba.<\/p>\n","protected":false},"author":1,"featured_media":0,"comment_status":"open","ping_status":"open","sticky":false,"template":"","format":"standard","meta":{"footnotes":""},"categories":[19],"tags":[],"class_list":["post-655","post","type-post","status-publish","format-standard","hentry","category-noticias"],"_links":{"self":[{"href":"https:\/\/www.desdegranada.com\/site\/index.php?rest_route=\/wp\/v2\/posts\/655","targetHints":{"allow":["GET"]}}],"collection":[{"href":"https:\/\/www.desdegranada.com\/site\/index.php?rest_route=\/wp\/v2\/posts"}],"about":[{"href":"https:\/\/www.desdegranada.com\/site\/index.php?rest_route=\/wp\/v2\/types\/post"}],"author":[{"embeddable":true,"href":"https:\/\/www.desdegranada.com\/site\/index.php?rest_route=\/wp\/v2\/users\/1"}],"replies":[{"embeddable":true,"href":"https:\/\/www.desdegranada.com\/site\/index.php?rest_route=%2Fwp%2Fv2%2Fcomments&post=655"}],"version-history":[{"count":0,"href":"https:\/\/www.desdegranada.com\/site\/index.php?rest_route=\/wp\/v2\/posts\/655\/revisions"}],"wp:attachment":[{"href":"https:\/\/www.desdegranada.com\/site\/index.php?rest_route=%2Fwp%2Fv2%2Fmedia&parent=655"}],"wp:term":[{"taxonomy":"category","embeddable":true,"href":"https:\/\/www.desdegranada.com\/site\/index.php?rest_route=%2Fwp%2Fv2%2Fcategories&post=655"},{"taxonomy":"post_tag","embeddable":true,"href":"https:\/\/www.desdegranada.com\/site\/index.php?rest_route=%2Fwp%2Fv2%2Ftags&post=655"}],"curies":[{"name":"wp","href":"https:\/\/api.w.org\/{rel}","templated":true}]}}