{"id":656,"date":"2023-07-08T21:52:30","date_gmt":"2023-07-08T21:52:30","guid":{"rendered":"https:\/\/www.desdegranada.com\/site\/?p=656"},"modified":"2023-07-08T21:52:30","modified_gmt":"2023-07-08T21:52:30","slug":"se-viene-el-decimosexto-torneo-abierto-de-ajedrez-en-granada","status":"publish","type":"post","link":"https:\/\/www.desdegranada.com\/site\/?p=656","title":{"rendered":"\u00a1Se viene el decimosexto Torneo Abierto de ajedrez en Granada!"},"content":{"rendered":"<p style=\"text-align: justify;\">Un caso puntual es el Torneo Abierto de Ajedrez que, liderado desde el Club Amigos del Ajedrez y la Liga de Antioquia, se realiza en Granada en esta fecha y que le apuesta al fomento del deporte ciencia y a la integraci\u00f3n de ni\u00f1os, j\u00f3venes y adultos alrededor de esta disciplina.<\/p>\n<p style=\"text-align: justify;\"><img loading=\"lazy\" decoding=\"async\" src=\"images\/Ajedrez_2023_1.jpg\" alt=\"\" width=\"750\" height=\"439\" \/><\/p>\n<p style=\"text-align: justify;\">Con hora de inicio fijada para las 10:00a.m., el decimosexto Torneo de Ajedrez, contar\u00e1 con competencias en cuatro categor\u00edas y un significativo monto en premios para los cuatro mejores deportistas de cada una de ellas; adicionalmente, recibir\u00e1n un incentivo econ\u00f3mico el mejor deportista de Granada, el mejor de Oriente, mejor dama, mejor senior, mejor sub 14 y mejor sub 10.<\/p>\n<p style=\"text-align: justify;\"><img loading=\"lazy\" decoding=\"async\" src=\"images\/Ajedrez_2023_2.jpg\" alt=\"\" width=\"750\" height=\"439\" \/><\/p>\n<p style=\"text-align: justify;\">Este a\u00f1o, adem\u00e1s de disfrutar y aprender con el ajedrez, el encuentro tendr\u00e1 como prop\u00f3sito rendir un homenaje p\u00f3stumo al docente Arcesio G\u00f3mez, apasionado de este deporte y uno de los promotores de dicho evento en el municipio.<\/p>\n","protected":false},"excerpt":{"rendered":"<p style=\"text-align: justify;\">El 20 de julio adem\u00e1s de ser un d\u00eda de fiesta nacional, es una fecha que, por ser puente festivo, ha posibilitado el turismo y el desarrollo de actividades y eventos que permiten la integraci\u00f3n comunitaria.<\/p>\n","protected":false},"author":1,"featured_media":0,"comment_status":"open","ping_status":"open","sticky":false,"template":"","format":"standard","meta":{"footnotes":""},"categories":[19],"tags":[],"class_list":["post-656","post","type-post","status-publish","format-standard","hentry","category-noticias"],"_links":{"self":[{"href":"https:\/\/www.desdegranada.com\/site\/index.php?rest_route=\/wp\/v2\/posts\/656","targetHints":{"allow":["GET"]}}],"collection":[{"href":"https:\/\/www.desdegranada.com\/site\/index.php?rest_route=\/wp\/v2\/posts"}],"about":[{"href":"https:\/\/www.desdegranada.com\/site\/index.php?rest_route=\/wp\/v2\/types\/post"}],"author":[{"embeddable":true,"href":"https:\/\/www.desdegranada.com\/site\/index.php?rest_route=\/wp\/v2\/users\/1"}],"replies":[{"embeddable":true,"href":"https:\/\/www.desdegranada.com\/site\/index.php?rest_route=%2Fwp%2Fv2%2Fcomments&post=656"}],"version-history":[{"count":0,"href":"https:\/\/www.desdegranada.com\/site\/index.php?rest_route=\/wp\/v2\/posts\/656\/revisions"}],"wp:attachment":[{"href":"https:\/\/www.desdegranada.com\/site\/index.php?rest_route=%2Fwp%2Fv2%2Fmedia&parent=656"}],"wp:term":[{"taxonomy":"category","embeddable":true,"href":"https:\/\/www.desdegranada.com\/site\/index.php?rest_route=%2Fwp%2Fv2%2Fcategories&post=656"},{"taxonomy":"post_tag","embeddable":true,"href":"https:\/\/www.desdegranada.com\/site\/index.php?rest_route=%2Fwp%2Fv2%2Ftags&post=656"}],"curies":[{"name":"wp","href":"https:\/\/api.w.org\/{rel}","templated":true}]}}