{"id":658,"date":"2023-07-10T21:50:48","date_gmt":"2023-07-10T21:50:48","guid":{"rendered":"https:\/\/www.desdegranada.com\/site\/?p=658"},"modified":"2023-07-10T21:50:48","modified_gmt":"2023-07-10T21:50:48","slug":"ojo-flota-granada-realiza-ajustes-en-los-horarios-de-despacho-de-vehiculos-entre-granada-y-rionegro","status":"publish","type":"post","link":"https:\/\/www.desdegranada.com\/site\/?p=658","title":{"rendered":"\u00a1Ojo! Flota Granada realiza ajustes en los horarios de despacho de veh\u00edculos entre Granada y Rionegro"},"content":{"rendered":"<p style=\"text-align: justify;\">La decis\u00f3n de la empresa se da debido\u00a0a que un significativo n\u00famero de usuarios se desplazan hacia el altiplano del Oriente Antioque\u00f1o con bastante frecuencia, entre otras razones porque asisten a citas o por la necesidad de realizar cualquier diligencia en esa regi\u00f3n.<\/p>\n<p style=\"text-align: justify;\"><img loading=\"lazy\" decoding=\"async\" src=\"images\/Nuevos_horarios_Flota_Granada_hacia_Rionegro.jpg\" alt=\"\" width=\"750\" height=\"439\" \/><\/p>\n<p style=\"text-align: justify;\">As\u00ed pues, todos los d\u00edas el veh\u00edculo que desde Granada se despachaba a las 5:15a.m, seguir\u00e1 saliendo a las 4:45a.m y el que desde Rionegro sal\u00eda en el horario de 6:00a.m, lo seguir\u00e1 haciendo a las 5:50a.m. EL cambio empez\u00f3 a regir desde este lunes 10 de julio.<\/p>\n<p style=\"text-align: justify;\">El servicio de transporte que ofrece la Flota Granada\u00a0hacia Rionegro, permite m\u00e1s opciones y facilidades tanto a los granadinos como a los dem\u00e1s usuarios de la empresa. Vale la pena\u00a0resaltar adem\u00e1s\u00a0 que hace poco se hizo a la adquisici\u00f3n de una nueva buseta, lo que evidencia el crecimiento y mejora continua d ela empresa.<\/p>\n","protected":false},"excerpt":{"rendered":"<p style=\"text-align: justify;\">Pensando siempre en mejorar la calidad del servicio que prestan a toda la poblaci\u00f3n, la Flota Granada\u00a0realiz\u00f3 algunos ajustes a los turnos de busetas que despacha para el municipio de Rionegro.<\/p>\n","protected":false},"author":1,"featured_media":0,"comment_status":"open","ping_status":"open","sticky":false,"template":"","format":"standard","meta":{"footnotes":""},"categories":[19],"tags":[],"class_list":["post-658","post","type-post","status-publish","format-standard","hentry","category-noticias"],"_links":{"self":[{"href":"https:\/\/www.desdegranada.com\/site\/index.php?rest_route=\/wp\/v2\/posts\/658","targetHints":{"allow":["GET"]}}],"collection":[{"href":"https:\/\/www.desdegranada.com\/site\/index.php?rest_route=\/wp\/v2\/posts"}],"about":[{"href":"https:\/\/www.desdegranada.com\/site\/index.php?rest_route=\/wp\/v2\/types\/post"}],"author":[{"embeddable":true,"href":"https:\/\/www.desdegranada.com\/site\/index.php?rest_route=\/wp\/v2\/users\/1"}],"replies":[{"embeddable":true,"href":"https:\/\/www.desdegranada.com\/site\/index.php?rest_route=%2Fwp%2Fv2%2Fcomments&post=658"}],"version-history":[{"count":0,"href":"https:\/\/www.desdegranada.com\/site\/index.php?rest_route=\/wp\/v2\/posts\/658\/revisions"}],"wp:attachment":[{"href":"https:\/\/www.desdegranada.com\/site\/index.php?rest_route=%2Fwp%2Fv2%2Fmedia&parent=658"}],"wp:term":[{"taxonomy":"category","embeddable":true,"href":"https:\/\/www.desdegranada.com\/site\/index.php?rest_route=%2Fwp%2Fv2%2Fcategories&post=658"},{"taxonomy":"post_tag","embeddable":true,"href":"https:\/\/www.desdegranada.com\/site\/index.php?rest_route=%2Fwp%2Fv2%2Ftags&post=658"}],"curies":[{"name":"wp","href":"https:\/\/api.w.org\/{rel}","templated":true}]}}