{"id":659,"date":"2023-07-13T18:38:15","date_gmt":"2023-07-13T18:38:15","guid":{"rendered":"https:\/\/www.desdegranada.com\/site\/?p=659"},"modified":"2023-07-13T18:38:15","modified_gmt":"2023-07-13T18:38:15","slug":"se-inauguro-en-granada-punto-de-atencion-de-la-fiscalia","status":"publish","type":"post","link":"https:\/\/www.desdegranada.com\/site\/?p=659","title":{"rendered":"Se inaugur\u00f3 en Granada punto de atenci\u00f3n de la fiscal\u00eda"},"content":{"rendered":"<p style=\"text-align: justify;\">\u201cEn muchas ocasiones los granadinos ten\u00edan que ir hasta Santuario, ten\u00edan que trasladarse inclusive hasta la ciudad de Medell\u00edn, y ahora lo pueden hacer aqu\u00ed con toda confianza con las personas que tienen la suficiente capacidad para atender los requerimientos cuando se presenta alguna situaci\u00f3n delictiva\u201d, explic\u00f3 el alcalde municipal, Freddy Casta\u00f1o Aristiz\u00e1bal.<\/p>\n<p style=\"text-align: justify;\"><img loading=\"lazy\" decoding=\"async\" src=\"images\/Punto_fiscalia_1.jpg\" alt=\"\" width=\"750\" height=\"439\" \/><\/p>\n<p style=\"text-align: justify;\">La oficina ubicada en la calle Boyac\u00e1, frente a la Empresa de Servicios P\u00fablicos, estar\u00e1 atendida por la gestora de la fiscal\u00eda Clara Milena Barrera, y funcionar\u00e1 en los mismos horarios que las diferentes dependencias de la administraci\u00f3n municipal.<\/p>\n<p style=\"text-align: justify;\">\u201cEsto va a permitir un acercamiento de todos los ciudadanos cuando consideren que ha sido vulnerado alguno de sus derechos o garant\u00edas constitucionales\u201d, dijo posterior a la inauguraci\u00f3n de la oficina, Daniel Parada Berm\u00fadez, director seccional de fiscal\u00edas de Antioquia.<\/p>\n<p style=\"text-align: justify;\"><img loading=\"lazy\" decoding=\"async\" src=\"images\/Punto_fiscalia_2.jpg\" alt=\"\" width=\"750\" height=\"439\" \/><\/p>\n<p style=\"text-align: justify;\">Con la apertura de este punto, desde la Gobernaci\u00f3n de Antioquia, la administraci\u00f3n municipal y la Fiscal\u00eda, se le apunta a que la comunidad, tanto de la zona urbana como rural, pueda acceder a una instituci\u00f3n que es garante de derechos, y del mismo modo, contribuir al fortalecimiento de las condiciones de seguridad de la localidad.<\/p>\n","protected":false},"excerpt":{"rendered":"<p style=\"text-align: justify;\">Con la apertura en Granada, este 13 de julio, de un punto de atenci\u00f3n de la Fiscal\u00eda General de la Naci\u00f3n, ahora los granadinos podr\u00e1n acceder a los servicios del ente de justicia de una manera m\u00e1s \u00e1gil y oportuna, y con la autoridad de dar tr\u00e1mite a cada una de las solicitudes que antes deb\u00edan realizar fuera del municipio.<\/p>\n","protected":false},"author":1,"featured_media":0,"comment_status":"open","ping_status":"open","sticky":false,"template":"","format":"standard","meta":{"footnotes":""},"categories":[19],"tags":[],"class_list":["post-659","post","type-post","status-publish","format-standard","hentry","category-noticias"],"_links":{"self":[{"href":"https:\/\/www.desdegranada.com\/site\/index.php?rest_route=\/wp\/v2\/posts\/659","targetHints":{"allow":["GET"]}}],"collection":[{"href":"https:\/\/www.desdegranada.com\/site\/index.php?rest_route=\/wp\/v2\/posts"}],"about":[{"href":"https:\/\/www.desdegranada.com\/site\/index.php?rest_route=\/wp\/v2\/types\/post"}],"author":[{"embeddable":true,"href":"https:\/\/www.desdegranada.com\/site\/index.php?rest_route=\/wp\/v2\/users\/1"}],"replies":[{"embeddable":true,"href":"https:\/\/www.desdegranada.com\/site\/index.php?rest_route=%2Fwp%2Fv2%2Fcomments&post=659"}],"version-history":[{"count":0,"href":"https:\/\/www.desdegranada.com\/site\/index.php?rest_route=\/wp\/v2\/posts\/659\/revisions"}],"wp:attachment":[{"href":"https:\/\/www.desdegranada.com\/site\/index.php?rest_route=%2Fwp%2Fv2%2Fmedia&parent=659"}],"wp:term":[{"taxonomy":"category","embeddable":true,"href":"https:\/\/www.desdegranada.com\/site\/index.php?rest_route=%2Fwp%2Fv2%2Fcategories&post=659"},{"taxonomy":"post_tag","embeddable":true,"href":"https:\/\/www.desdegranada.com\/site\/index.php?rest_route=%2Fwp%2Fv2%2Ftags&post=659"}],"curies":[{"name":"wp","href":"https:\/\/api.w.org\/{rel}","templated":true}]}}