{"id":660,"date":"2023-07-14T21:21:02","date_gmt":"2023-07-14T21:21:02","guid":{"rendered":"https:\/\/www.desdegranada.com\/site\/?p=660"},"modified":"2023-07-14T21:21:02","modified_gmt":"2023-07-14T21:21:02","slug":"cerca-de-400-ciclistas-y-30-delegaciones-se-esperan-en-el-decimotercer-encuentro-de-escuelas-de-ciclismo","status":"publish","type":"post","link":"https:\/\/www.desdegranada.com\/site\/?p=660","title":{"rendered":"Cerca de 400 ciclistas y 30 delegaciones se esperan en el decimotercer encuentro de escuelas de ciclismo"},"content":{"rendered":"<p style=\"text-align: justify;\">Cerca de 30 delegaciones y unos 400 deportistas, que competir\u00e1n en las categor\u00edas principiantes, cochisitos, escolares, pre infantil, infantil, pre juvenil y juvenil, se esperan en la localidad para este evento deportivo.<\/p>\n<p style=\"text-align: justify;\"><img loading=\"lazy\" decoding=\"async\" src=\"images\/Encuentro_de_ciclismo.jpg\" alt=\"\" width=\"750\" height=\"439\" \/><\/p>\n<p style=\"text-align: justify;\">Una de las novedades de este encuentro ser\u00e1 la prueba de ruta, con un recorrido que iniciar\u00e1 en la vereda La Cascada.<\/p>\n<p style=\"text-align: justify;\">El encuentro de este 2023, ser\u00e1 la versi\u00f3n n\u00famero trece que se desarrolle y una vez m\u00e1s ser\u00e1 la oportunidad para ver rodar por las calles de Granada a los nuevos prospectos del deporte del pedal.<\/p>\n","protected":false},"excerpt":{"rendered":"<p style=\"text-align: justify;\">Granada y el Club Escuela de Ciclismo vienen adelantando los preparativos para un nuevo evento cicl\u00edstico, el ya institucional encuentro de escuelas que ha tenido lugar cada a\u00f1o los d\u00edas 19 y 20 de julio con una importante participaci\u00f3n.<\/p>\n","protected":false},"author":1,"featured_media":0,"comment_status":"open","ping_status":"open","sticky":false,"template":"","format":"standard","meta":{"footnotes":""},"categories":[19],"tags":[],"class_list":["post-660","post","type-post","status-publish","format-standard","hentry","category-noticias"],"_links":{"self":[{"href":"https:\/\/www.desdegranada.com\/site\/index.php?rest_route=\/wp\/v2\/posts\/660","targetHints":{"allow":["GET"]}}],"collection":[{"href":"https:\/\/www.desdegranada.com\/site\/index.php?rest_route=\/wp\/v2\/posts"}],"about":[{"href":"https:\/\/www.desdegranada.com\/site\/index.php?rest_route=\/wp\/v2\/types\/post"}],"author":[{"embeddable":true,"href":"https:\/\/www.desdegranada.com\/site\/index.php?rest_route=\/wp\/v2\/users\/1"}],"replies":[{"embeddable":true,"href":"https:\/\/www.desdegranada.com\/site\/index.php?rest_route=%2Fwp%2Fv2%2Fcomments&post=660"}],"version-history":[{"count":0,"href":"https:\/\/www.desdegranada.com\/site\/index.php?rest_route=\/wp\/v2\/posts\/660\/revisions"}],"wp:attachment":[{"href":"https:\/\/www.desdegranada.com\/site\/index.php?rest_route=%2Fwp%2Fv2%2Fmedia&parent=660"}],"wp:term":[{"taxonomy":"category","embeddable":true,"href":"https:\/\/www.desdegranada.com\/site\/index.php?rest_route=%2Fwp%2Fv2%2Fcategories&post=660"},{"taxonomy":"post_tag","embeddable":true,"href":"https:\/\/www.desdegranada.com\/site\/index.php?rest_route=%2Fwp%2Fv2%2Ftags&post=660"}],"curies":[{"name":"wp","href":"https:\/\/api.w.org\/{rel}","templated":true}]}}