{"id":661,"date":"2023-07-15T14:54:58","date_gmt":"2023-07-15T14:54:58","guid":{"rendered":"https:\/\/www.desdegranada.com\/site\/?p=661"},"modified":"2023-07-15T14:54:58","modified_gmt":"2023-07-15T14:54:58","slug":"es-hora-de-participar-y-ganar-con-el-concurso-de-cuento-coogranada","status":"publish","type":"post","link":"https:\/\/www.desdegranada.com\/site\/?p=661","title":{"rendered":"Es hora de participar y ganar con el concurso de cuento Coogranada"},"content":{"rendered":"<p style=\"text-align: justify;\">En esta edici\u00f3n la tem\u00e1tica estar\u00e1 basada en los principios y valores cooperativos del compromiso, trabajo en equipo y disposici\u00f3n al cambio; los cuentos, podr\u00e1n ser enfocados en los tres \u00edtems o hacer alusi\u00f3n a uno de ellos.<\/p>\n<p style=\"text-align: justify;\">En nuestro municipio los asociados podr\u00e1n participar en las categor\u00edas juvenil y adultos y sus obras no deben superar dos hojas. La premiaci\u00f3n ser\u00e1 para los dos primeros lugares de cada categor\u00eda; en la juvenil, el primer puesto se llevar\u00e1 $700.000 y el segundo puesto recibir\u00e1 $350.000, para la categor\u00eda de adultos el primer lugar obtendr\u00e1 $1.000.000 y el segundo $500.000.<\/p>\n<p style=\"text-align: justify;\"><img loading=\"lazy\" decoding=\"async\" src=\"images\/Concurso_de_cuento_Coogranada.jpg\" alt=\"\" width=\"750\" height=\"439\" \/><\/p>\n<p style=\"text-align: justify;\">Los asociados que deseen participar tienen plazo para llevar sus textos a la cooperativa Coogranada hasta el 19 de agosto, en los que debe incluir sus datos personales y un seud\u00f3nimo. \u00a0<\/p>\n","protected":false},"excerpt":{"rendered":"<p style=\"text-align: justify;\">Como una estrategia que busca incentivar las creaciones literarias, Coogranada invita a sus asociados a participar del concurso de cuento Monse\u00f1or Pedro Antonio G\u00f3mez.<\/p>\n","protected":false},"author":1,"featured_media":0,"comment_status":"open","ping_status":"open","sticky":false,"template":"","format":"standard","meta":{"footnotes":""},"categories":[19],"tags":[],"class_list":["post-661","post","type-post","status-publish","format-standard","hentry","category-noticias"],"_links":{"self":[{"href":"https:\/\/www.desdegranada.com\/site\/index.php?rest_route=\/wp\/v2\/posts\/661","targetHints":{"allow":["GET"]}}],"collection":[{"href":"https:\/\/www.desdegranada.com\/site\/index.php?rest_route=\/wp\/v2\/posts"}],"about":[{"href":"https:\/\/www.desdegranada.com\/site\/index.php?rest_route=\/wp\/v2\/types\/post"}],"author":[{"embeddable":true,"href":"https:\/\/www.desdegranada.com\/site\/index.php?rest_route=\/wp\/v2\/users\/1"}],"replies":[{"embeddable":true,"href":"https:\/\/www.desdegranada.com\/site\/index.php?rest_route=%2Fwp%2Fv2%2Fcomments&post=661"}],"version-history":[{"count":0,"href":"https:\/\/www.desdegranada.com\/site\/index.php?rest_route=\/wp\/v2\/posts\/661\/revisions"}],"wp:attachment":[{"href":"https:\/\/www.desdegranada.com\/site\/index.php?rest_route=%2Fwp%2Fv2%2Fmedia&parent=661"}],"wp:term":[{"taxonomy":"category","embeddable":true,"href":"https:\/\/www.desdegranada.com\/site\/index.php?rest_route=%2Fwp%2Fv2%2Fcategories&post=661"},{"taxonomy":"post_tag","embeddable":true,"href":"https:\/\/www.desdegranada.com\/site\/index.php?rest_route=%2Fwp%2Fv2%2Ftags&post=661"}],"curies":[{"name":"wp","href":"https:\/\/api.w.org\/{rel}","templated":true}]}}