{"id":663,"date":"2023-07-17T15:49:02","date_gmt":"2023-07-17T15:49:02","guid":{"rendered":"https:\/\/www.desdegranada.com\/site\/?p=663"},"modified":"2023-07-17T15:49:02","modified_gmt":"2023-07-17T15:49:02","slug":"nativos-una-opcion-para-disfrutar-de-alimentacion-saludable-con-amigos-y-familia","status":"publish","type":"post","link":"https:\/\/www.desdegranada.com\/site\/?p=663","title":{"rendered":"Nativos, una opci\u00f3n para disfrutar de alimentaci\u00f3n saludable con amigos y familia"},"content":{"rendered":"<p style=\"text-align: justify;\">Por: Maria Londo\u00f1o.<\/p>\n<p style=\"text-align: justify;\">Nativos, es una apuesta a la que se sum\u00f3 su esposo Mauricio, tiene una amplia oferta de productos que van desde un jugo, un helado o una porci\u00f3n de pastel, y en la que tambi\u00e9n se pens\u00f3 en un alimento para las mascotas; un plan del que puedes disfrutar en cualquier momento del d\u00eda.<\/p>\n<p style=\"text-align: justify;\">Isabel Cristina destaca de Granada, el lugar que la ha visto triunfar y de sus coterr\u00e1neos, \u201cla pujanza, adicional a eso la alegr\u00eda, la amabilidad con la que se reciben a las personas sean de aqu\u00ed o de otro lado. Siempre hay un carisma muy especial, y tambi\u00e9n que es muy emprendedora, siempre busca salir adelante, y siempre tiene visi\u00f3n, eso es un granadino\u201d.<\/p>\n<p style=\"text-align: justify;\"><img loading=\"lazy\" decoding=\"async\" src=\"images\/Nativos.jpg\" alt=\"\" width=\"750\" height=\"439\" \/><\/p>\n<p style=\"text-align: justify;\">En los granadinos no hay l\u00edmites a la hora de proyectarse, y de esto da fe Isabel, que desde ya se visiona haciendo parte de grandes eventos, \u201cque sea atendido con un jugo, con nuestra reposter\u00eda gourmet. Queremos brindar ese tipo de experiencias, que se adapte a cualquier persona, en cualquier momento, a cualquier hora\u201d.\u00a0<\/p>\n<p style=\"text-align: justify;\">Desde las 10:00 am hasta las 8:00pm podr\u00e1 ir a disfrutar de Nativos o pedir su domicilio al 314 583 47 06.<\/p>\n","protected":false},"excerpt":{"rendered":"<p style=\"text-align: justify;\">Con la reposter\u00eda inici\u00f3 a darle vida a una pasi\u00f3n que viene de familia: la alimentaci\u00f3n saludable; y ahora que se ha despertado el esp\u00edritu emprendedor que todo granadino lleva dentro, Isabel decidi\u00f3 jug\u00e1rsela por un punto f\u00edsico en el que adem\u00e1s de ofrecer una nueva opci\u00f3n para el esparcimiento con amigos y familia mientras se divisa la din\u00e1mica de la variante, sigue enfocada en lo que ama.<\/p>\n","protected":false},"author":1,"featured_media":0,"comment_status":"open","ping_status":"open","sticky":false,"template":"","format":"standard","meta":{"footnotes":""},"categories":[19],"tags":[],"class_list":["post-663","post","type-post","status-publish","format-standard","hentry","category-noticias"],"_links":{"self":[{"href":"https:\/\/www.desdegranada.com\/site\/index.php?rest_route=\/wp\/v2\/posts\/663","targetHints":{"allow":["GET"]}}],"collection":[{"href":"https:\/\/www.desdegranada.com\/site\/index.php?rest_route=\/wp\/v2\/posts"}],"about":[{"href":"https:\/\/www.desdegranada.com\/site\/index.php?rest_route=\/wp\/v2\/types\/post"}],"author":[{"embeddable":true,"href":"https:\/\/www.desdegranada.com\/site\/index.php?rest_route=\/wp\/v2\/users\/1"}],"replies":[{"embeddable":true,"href":"https:\/\/www.desdegranada.com\/site\/index.php?rest_route=%2Fwp%2Fv2%2Fcomments&post=663"}],"version-history":[{"count":0,"href":"https:\/\/www.desdegranada.com\/site\/index.php?rest_route=\/wp\/v2\/posts\/663\/revisions"}],"wp:attachment":[{"href":"https:\/\/www.desdegranada.com\/site\/index.php?rest_route=%2Fwp%2Fv2%2Fmedia&parent=663"}],"wp:term":[{"taxonomy":"category","embeddable":true,"href":"https:\/\/www.desdegranada.com\/site\/index.php?rest_route=%2Fwp%2Fv2%2Fcategories&post=663"},{"taxonomy":"post_tag","embeddable":true,"href":"https:\/\/www.desdegranada.com\/site\/index.php?rest_route=%2Fwp%2Fv2%2Ftags&post=663"}],"curies":[{"name":"wp","href":"https:\/\/api.w.org\/{rel}","templated":true}]}}