{"id":664,"date":"2023-07-20T17:50:41","date_gmt":"2023-07-20T17:50:41","guid":{"rendered":"https:\/\/www.desdegranada.com\/site\/?p=664"},"modified":"2023-07-20T17:50:41","modified_gmt":"2023-07-20T17:50:41","slug":"sebastian-toro-garcia-convocado-a-la-seleccion-colombia-de-futsal","status":"publish","type":"post","link":"https:\/\/www.desdegranada.com\/site\/?p=664","title":{"rendered":"Sebasti\u00e1n Toro Garc\u00eda convocado a la Selecci\u00f3n Colombia de Futsal"},"content":{"rendered":"<p style=\"text-align: justify;\"><img loading=\"lazy\" decoding=\"async\" src=\"images\/Toro_Seleccin_Colombia.jpg\" alt=\"\" width=\"750\" height=\"439\" \/><\/p>\n<p style=\"text-align: justify;\">Sebasti\u00e1n, quien, en su a\u00fan joven carrera, se ha destacado en los procesos de f\u00fatbol de sal\u00f3n de la Cooperativa Creafam, la Selecci\u00f3n Antioquia y ahora el Club Leones de Itag\u00fc\u00ed; tendr\u00e1 la oportunidad de representar la tricolor nacional gracias a su excelente nivel y a la confianza del profesor Roberto Enrique Bruno Castillo, director t\u00e9cnico de la Selecci\u00f3n Colombia de Futsal.<\/p>\n<p style=\"text-align: justify;\"><img loading=\"lazy\" decoding=\"async\" src=\"images\/Toro_Seleccin_Colombia_1.jpg\" alt=\"\" width=\"750\" height=\"439\" \/><\/p>\n<p style=\"text-align: justify;\">A Sebasti\u00e1n le deseamos muchos \u00e9xitos en esta participaci\u00f3n con la Selecci\u00f3n Colombia y esperamos que sea solo un paso m\u00e1s en su recorrido con la tricolor.<\/p>\n","protected":false},"excerpt":{"rendered":"<p style=\"text-align: justify;\">\u00a0El deportista granadino formado en el Club Deportivo Creafam, ha sido incluido en la lista de convocados de la Selecci\u00f3n Colombia Sub 20 de Futsal, que se concentrar\u00e1 en Barranquilla del 23 de julio al 2 de agosto, en la fase de preparaci\u00f3n para la Conmebol Sub 20 de Futsal 2023.<\/p>\n","protected":false},"author":1,"featured_media":0,"comment_status":"open","ping_status":"open","sticky":false,"template":"","format":"standard","meta":{"footnotes":""},"categories":[19],"tags":[],"class_list":["post-664","post","type-post","status-publish","format-standard","hentry","category-noticias"],"_links":{"self":[{"href":"https:\/\/www.desdegranada.com\/site\/index.php?rest_route=\/wp\/v2\/posts\/664","targetHints":{"allow":["GET"]}}],"collection":[{"href":"https:\/\/www.desdegranada.com\/site\/index.php?rest_route=\/wp\/v2\/posts"}],"about":[{"href":"https:\/\/www.desdegranada.com\/site\/index.php?rest_route=\/wp\/v2\/types\/post"}],"author":[{"embeddable":true,"href":"https:\/\/www.desdegranada.com\/site\/index.php?rest_route=\/wp\/v2\/users\/1"}],"replies":[{"embeddable":true,"href":"https:\/\/www.desdegranada.com\/site\/index.php?rest_route=%2Fwp%2Fv2%2Fcomments&post=664"}],"version-history":[{"count":0,"href":"https:\/\/www.desdegranada.com\/site\/index.php?rest_route=\/wp\/v2\/posts\/664\/revisions"}],"wp:attachment":[{"href":"https:\/\/www.desdegranada.com\/site\/index.php?rest_route=%2Fwp%2Fv2%2Fmedia&parent=664"}],"wp:term":[{"taxonomy":"category","embeddable":true,"href":"https:\/\/www.desdegranada.com\/site\/index.php?rest_route=%2Fwp%2Fv2%2Fcategories&post=664"},{"taxonomy":"post_tag","embeddable":true,"href":"https:\/\/www.desdegranada.com\/site\/index.php?rest_route=%2Fwp%2Fv2%2Ftags&post=664"}],"curies":[{"name":"wp","href":"https:\/\/api.w.org\/{rel}","templated":true}]}}