{"id":667,"date":"2023-07-22T22:25:53","date_gmt":"2023-07-22T22:25:53","guid":{"rendered":"https:\/\/www.desdegranada.com\/site\/?p=667"},"modified":"2023-07-22T22:25:53","modified_gmt":"2023-07-22T22:25:53","slug":"sebastian-martinez-en-el-campeonato-de-mi-corazon-tu-eres-el-campeon","status":"publish","type":"post","link":"https:\/\/www.desdegranada.com\/site\/?p=667","title":{"rendered":"\u00a0Sebasti\u00e1n Mart\u00ednez, en el campeonato de mi coraz\u00f3n, tu eres el campe\u00f3n"},"content":{"rendered":"<p style=\"text-align: justify;\">Por: Jeison A. Giraldo \u2013 Mazamorro.<\/p>\n<p style=\"text-align: justify;\">Buscar el n\u00famero 16 en la cancha y seguirlo casi como con una lupa es mi trabajo. Yo estoy nervioso y tengo que gritar duro pa que todo el mundo en el estadio me escuche. \u00a1Vamos Sebas! Ese grito es una terapia para sacar todo ese nerviosismo que tengo.<\/p>\n<p style=\"text-align: justify;\">Pero no solo le grito a \u00e9l, al \u00e1rbitro lo jodo diciendo: tiene que tarjetear a todos los del otro equipo, que saque amarillas como si no hubiera un ma\u00f1ana. Soy insoportable, lo tengo que reconocer, y adem\u00e1s es una forma bonita de justificar lo aburridor que soy.<\/p>\n<p style=\"text-align: justify;\">A pesar de todo eso, Sebasti\u00e1n es un orgullo para m\u00ed. Yo lo he educado, obvio s\u00e9 que los profesores que ha tenido durante este proceso tambi\u00e9n lo han hecho, pero yo le reitero constantemente que, si me quiere ver feliz, debe mantener una actitud bonita en la cancha y ayer, despu\u00e9s de mucho tiempo sin verlo jugar, logr\u00f3 impactarme.<\/p>\n<p style=\"text-align: justify;\"><img loading=\"lazy\" decoding=\"async\" src=\"images\/Sebastian_Martinez.jpg\" alt=\"\" width=\"750\" height=\"439\" \/><\/p>\n<p style=\"text-align: justify;\">Primero porque de los 4 goles que anot\u00f3 el equipo en las eliminatorias de los intercolegiados, 3 fueron de \u00e9l, y segundo porque durante todo el partido que tuve la oportunidad de verlo jugar, se comport\u00f3 como un caballero y respondi\u00f3 siempre, aunque yo sab\u00eda que ven\u00eda reventado porque ya hab\u00eda jugado un partido en las horas de la ma\u00f1ana. \u00a1Pobrecito!<\/p>\n<p style=\"text-align: justify;\">Hoy aprovecho estas l\u00edneas para felicitarlo p\u00fablicamente y para decirle que yo soy el fan n\u00famero de \u00e9l, y que espero celebrar los triunfos y acompa\u00f1arlo en los fracasos. Eres entre otras cosas, mi campe\u00f3n.<\/p>\n<p style=\"text-align: justify;\">Tambi\u00e9n aprovecho para felicitar al arquero John Alexis y a Jer\u00f3nimo L\u00f3pez que son dos pelaos que ojal\u00e1 alg\u00fan d\u00eda el f\u00fatbol profesional les d\u00e9 una oportunidad. \u00a0<\/p>\n","protected":false},"excerpt":{"rendered":"<p style=\"text-align: justify;\">Hasta ayer, yo no sab\u00eda que otra de las cosas que me pone nervioso es ver jugar a Sebasti\u00e1n. Es como una incomodidad por todo el cuerpo, todo me sabe a nada y con ser que todav\u00eda no es una competici\u00f3n grande como lo hemos so\u00f1ado, es decir, todav\u00eda no es un partido en la primera categor\u00eda del f\u00fatbol colombiano, por ejemplo.\u00a0<\/p>\n","protected":false},"author":1,"featured_media":0,"comment_status":"open","ping_status":"open","sticky":false,"template":"","format":"standard","meta":{"footnotes":""},"categories":[20],"tags":[],"class_list":["post-667","post","type-post","status-publish","format-standard","hentry","category-columnistas"],"_links":{"self":[{"href":"https:\/\/www.desdegranada.com\/site\/index.php?rest_route=\/wp\/v2\/posts\/667","targetHints":{"allow":["GET"]}}],"collection":[{"href":"https:\/\/www.desdegranada.com\/site\/index.php?rest_route=\/wp\/v2\/posts"}],"about":[{"href":"https:\/\/www.desdegranada.com\/site\/index.php?rest_route=\/wp\/v2\/types\/post"}],"author":[{"embeddable":true,"href":"https:\/\/www.desdegranada.com\/site\/index.php?rest_route=\/wp\/v2\/users\/1"}],"replies":[{"embeddable":true,"href":"https:\/\/www.desdegranada.com\/site\/index.php?rest_route=%2Fwp%2Fv2%2Fcomments&post=667"}],"version-history":[{"count":0,"href":"https:\/\/www.desdegranada.com\/site\/index.php?rest_route=\/wp\/v2\/posts\/667\/revisions"}],"wp:attachment":[{"href":"https:\/\/www.desdegranada.com\/site\/index.php?rest_route=%2Fwp%2Fv2%2Fmedia&parent=667"}],"wp:term":[{"taxonomy":"category","embeddable":true,"href":"https:\/\/www.desdegranada.com\/site\/index.php?rest_route=%2Fwp%2Fv2%2Fcategories&post=667"},{"taxonomy":"post_tag","embeddable":true,"href":"https:\/\/www.desdegranada.com\/site\/index.php?rest_route=%2Fwp%2Fv2%2Ftags&post=667"}],"curies":[{"name":"wp","href":"https:\/\/api.w.org\/{rel}","templated":true}]}}