{"id":673,"date":"2023-07-29T20:52:17","date_gmt":"2023-07-29T20:52:17","guid":{"rendered":"https:\/\/www.desdegranada.com\/site\/?p=673"},"modified":"2023-07-29T20:52:17","modified_gmt":"2023-07-29T20:52:17","slug":"el-baloncesto-granadino-brillo-en-los-juegos-intercolegiados-zonal-oriente","status":"publish","type":"post","link":"https:\/\/www.desdegranada.com\/site\/?p=673","title":{"rendered":"El baloncesto granadino brill\u00f3 en los Juegos Intercolegiados Zonal Oriente"},"content":{"rendered":"<p style=\"text-align: justify;\">En la categor\u00eda prejuvenil, el equipo granadino empez\u00f3 imponiendo su jerarqu\u00eda desde el primer cuarto de juego, logrando as\u00ed el debut so\u00f1ado frente a su similar de Alejandr\u00eda por un marcador de 37 a 7.<\/p>\n<p style=\"text-align: justify;\">Frente al representativo de El Santuario, continu\u00f3 el camino de las deportistas granadinas en esta competencia, encuentro en el que siguieron demostrando un gran nivel y capacidad colectiva para superar a su rival 47- 10 en el marcador.<\/p>\n<p style=\"text-align: justify;\">Ya en b\u00fasqueda de la gran final, las basquetbolistas granadinas se enfrentaron al combinado de Marinilla, al que le superaron por un marcador de 41 puntos a 12.<\/p>\n<p style=\"text-align: justify;\">En las horas de la ma\u00f1ana de este s\u00e1bado 29 de julio, las canchas del municipio de Marinilla y todas las personas que acompa\u00f1aban a la delegaci\u00f3n, fueron testigos del buen juego y coordinaci\u00f3n de las chicas, factores que sumados a la contundencia, les permiti\u00f3 coronarse campeonas al vencer 32- 23 a La Uni\u00f3n.<\/p>\n<p style=\"text-align: justify;\"><img loading=\"lazy\" decoding=\"async\" src=\"images\/Baloncesto_Marinilla_2023.jpeg\" alt=\"\" width=\"750\" height=\"439\" \/><\/p>\n<p style=\"text-align: justify;\">La categor\u00eda juvenil por su parte, estaba enfocada en llegar tambi\u00e9n a la final, y en su primera actuaci\u00f3n lograron imponerse 68 a 1 contra el representativo de Abejorral.<\/p>\n<p style=\"text-align: justify;\">El segundo reto de las chicas dirigidas por Cristian Saldarriaga y Marina Jim\u00e9nez, fue el equipo de Guarne al que, en un partido un poco m\u00e1s parejo, lograron ganarle por un marcador de 36 a 25.<\/p>\n<p style=\"text-align: justify;\">Su tercera salida, en la que buscaban la clasificaci\u00f3n a la final, tuvo lugar frente al equipo de El Carmen de Viboral, al que superaron 47 \u2013 33. En el juego definitivo se vieron las caras con el municipio de Rionegro, imponi\u00e9ndose 34 \u2013 25 en el marcador.<\/p>\n<p style=\"text-align: justify;\">Con estos resultados el baloncesto granadino sigue manteniendo la l\u00ednea ganadora de los \u00faltimos a\u00f1os, y ahora el reto apunta hacia la final departamental que tendr\u00e1 lugar en Andes y Taraz\u00e1 en el mes de septiembre.<\/p>\n","protected":false},"excerpt":{"rendered":"<p style=\"text-align: justify;\">Desde la primera presentaci\u00f3n en el Zonal Oriente de los \u00a0Juegos Intercolegiados, que se desarrollaron en el municipio de Marinilla, las deportistas de las categor\u00edas prejuvenil y juvenil del\u00a0 Club de Baloncesto Coogranada, que actuaron en representaci\u00f3n de la Instituci\u00f3n Educativa Jorge Alberto G\u00f3mez y el municipio de Granada, mostraron su poder\u00edo y eficacia de cara al aro rival para postularse como favoritas a aspirar al t\u00edtulo.<\/p>\n","protected":false},"author":1,"featured_media":0,"comment_status":"open","ping_status":"open","sticky":false,"template":"","format":"standard","meta":{"footnotes":""},"categories":[19],"tags":[],"class_list":["post-673","post","type-post","status-publish","format-standard","hentry","category-noticias"],"_links":{"self":[{"href":"https:\/\/www.desdegranada.com\/site\/index.php?rest_route=\/wp\/v2\/posts\/673","targetHints":{"allow":["GET"]}}],"collection":[{"href":"https:\/\/www.desdegranada.com\/site\/index.php?rest_route=\/wp\/v2\/posts"}],"about":[{"href":"https:\/\/www.desdegranada.com\/site\/index.php?rest_route=\/wp\/v2\/types\/post"}],"author":[{"embeddable":true,"href":"https:\/\/www.desdegranada.com\/site\/index.php?rest_route=\/wp\/v2\/users\/1"}],"replies":[{"embeddable":true,"href":"https:\/\/www.desdegranada.com\/site\/index.php?rest_route=%2Fwp%2Fv2%2Fcomments&post=673"}],"version-history":[{"count":0,"href":"https:\/\/www.desdegranada.com\/site\/index.php?rest_route=\/wp\/v2\/posts\/673\/revisions"}],"wp:attachment":[{"href":"https:\/\/www.desdegranada.com\/site\/index.php?rest_route=%2Fwp%2Fv2%2Fmedia&parent=673"}],"wp:term":[{"taxonomy":"category","embeddable":true,"href":"https:\/\/www.desdegranada.com\/site\/index.php?rest_route=%2Fwp%2Fv2%2Fcategories&post=673"},{"taxonomy":"post_tag","embeddable":true,"href":"https:\/\/www.desdegranada.com\/site\/index.php?rest_route=%2Fwp%2Fv2%2Ftags&post=673"}],"curies":[{"name":"wp","href":"https:\/\/api.w.org\/{rel}","templated":true}]}}